{"id":10837,"date":"2020-06-22T11:41:32","date_gmt":"2020-06-22T11:41:32","guid":{"rendered":"http:\/\/aeroviarios.org.br\/?p=10837"},"modified":"2020-06-22T11:41:32","modified_gmt":"2020-06-22T11:41:32","slug":"editorial-neste-dia-do-aeroviario-nosso-mais-sincero-parabens","status":"publish","type":"post","link":"https:\/\/aeroviarios.org.br\/index.php\/2020\/06\/22\/editorial-neste-dia-do-aeroviario-nosso-mais-sincero-parabens\/","title":{"rendered":"Editorial: Neste Dia do Aerovi\u00e1rio, nosso mais sincero parab\u00e9ns"},"content":{"rendered":"<p>Nesse momento dif\u00edcil que atravessamos como categoria e tamb\u00e9m como comunidade, o Sindicato dos Aerovi\u00e1rios de Porto Alegre vem parabenizar todos os trabalhadores aerovi\u00e1rios pelo seu dia.<\/p>\n<p>N\u00e3o est\u00e1 sendo f\u00e1cil passar por esse per\u00edodo complicado da avia\u00e7\u00e3o mundial. Empresas encerraram as atividades em alguns pa\u00edses, entram com pedidos de recupera\u00e7\u00e3o judicial ou reduzem as atividades em porcentagens significativas, como \u00e9 o caso aqui no Brasil. Em um ambiente como o nosso em que o Governo Federal n\u00e3o estende a m\u00e3o para os trabalhadores para proteger esse importante setor da economia, estamos fadados a contar somente com n\u00f3s mesmos e com as entidades que nos representam.<\/p>\n<p>O Sindicato aproveita essa mensagem para agradecer a categoria aerovi\u00e1ria pela mobiliza\u00e7\u00e3o dos trabalhadores nas \u00faltimas assembleias realizadas. Como forma de retribuir a categoria pelo empenho, a entidade ir\u00e1 distribuir m\u00e1scaras do Sindicato para os trabalhadores hoje e nos pr\u00f3ximos dias. \u201c\u00c9 fundamental que nos mantenhamos unidos nesse momento. As m\u00e1scaras s\u00e3o nossa forma de facilitar esses encontros dentro do aeroporto\u201d, pontuam os diretores.<\/p>\n<p>Trabalhadores do Check-in, da Rampa, do setor de Cargas, do setor de Manuten\u00e7\u00e3o, esse dia \u00e9 o dia de todos voc\u00eas. Para acontecer, a avia\u00e7\u00e3o precisa do empenho e da dedica\u00e7\u00e3o de todos aerovi\u00e1rios. Sem esses trabalhadores, os olhos de uma crian\u00e7a fascinada em ver um avi\u00e3o decolar n\u00e3o brilhariam da mesma forma, fam\u00edlias n\u00e3o poderiam se reencontrar, amores n\u00e3o poderiam ser celebrados e sonhos n\u00e3o poderiam ser realizados. Senhoras e senhores, o nosso mais profundo e sincero parab\u00e9ns e nossa promessa: estamos aqui do lado de voc\u00eas.<\/p>\n","protected":false},"excerpt":{"rendered":"<p>Nesse momento dif\u00edcil que atravessamos como categoria e tamb\u00e9m como comunidade, o Sindicato dos Aerovi\u00e1rios de Porto Alegre vem parabenizar todos os trabalhadores aerovi\u00e1rios pelo seu dia. N\u00e3o est\u00e1 sendo f\u00e1cil passar por esse per\u00edodo complicado da avia\u00e7\u00e3o mundial. Empresas encerraram as atividades em alguns pa\u00edses, entram com pedidos de recupera\u00e7\u00e3o judicial ou reduzem as<\/p>\n","protected":false},"author":1,"featured_media":10839,"comment_status":"open","ping_status":"open","sticky":false,"template":"","format":"standard","meta":{"footnotes":""},"categories":[39],"tags":[],"class_list":{"0":"post-10837","1":"post","2":"type-post","3":"status-publish","4":"format-standard","5":"has-post-thumbnail","7":"category-editoriais"},"_links":{"self":[{"href":"https:\/\/aeroviarios.org.br\/index.php\/wp-json\/wp\/v2\/posts\/10837","targetHints":{"allow":["GET"]}}],"collection":[{"href":"https:\/\/aeroviarios.org.br\/index.php\/wp-json\/wp\/v2\/posts"}],"about":[{"href":"https:\/\/aeroviarios.org.br\/index.php\/wp-json\/wp\/v2\/types\/post"}],"author":[{"embeddable":true,"href":"https:\/\/aeroviarios.org.br\/index.php\/wp-json\/wp\/v2\/users\/1"}],"replies":[{"embeddable":true,"href":"https:\/\/aeroviarios.org.br\/index.php\/wp-json\/wp\/v2\/comments?post=10837"}],"version-history":[{"count":0,"href":"https:\/\/aeroviarios.org.br\/index.php\/wp-json\/wp\/v2\/posts\/10837\/revisions"}],"wp:featuredmedia":[{"embeddable":true,"href":"https:\/\/aeroviarios.org.br\/index.php\/wp-json\/"}],"wp:attachment":[{"href":"https:\/\/aeroviarios.org.br\/index.php\/wp-json\/wp\/v2\/media?parent=10837"}],"wp:term":[{"taxonomy":"category","embeddable":true,"href":"https:\/\/aeroviarios.org.br\/index.php\/wp-json\/wp\/v2\/categories?post=10837"},{"taxonomy":"post_tag","embeddable":true,"href":"https:\/\/aeroviarios.org.br\/index.php\/wp-json\/wp\/v2\/tags?post=10837"}],"curies":[{"name":"wp","href":"https:\/\/api.w.org\/{rel}","templated":true}]}}