{"id":10832,"date":"2020-06-17T21:23:20","date_gmt":"2020-06-17T21:23:20","guid":{"rendered":"http:\/\/aeroviarios.org.br\/?p=10832"},"modified":"2020-06-17T21:23:20","modified_gmt":"2020-06-17T21:23:20","slug":"aerolineas-argentinas-propoe-act-assembleia-acontece-na-terca-23","status":"publish","type":"post","link":"https:\/\/aeroviarios.org.br\/index.php\/2020\/06\/17\/aerolineas-argentinas-propoe-act-assembleia-acontece-na-terca-23\/","title":{"rendered":"Aerol\u00edneas Argentinas prop\u00f5e ACT; assembleia acontece na ter\u00e7a (23)"},"content":{"rendered":"<p>A empresa Aerol\u00edneas Argentinas apresentou proposta de Acordo Coletivo de Trabalho (ACT) para o Sindicato dos Aerovi\u00e1rios de Porto Alegre. A proposta, muito semelhante ao que j\u00e1 vem sendo acordado com diversas empresas, ser\u00e1 colocada para aprecia\u00e7\u00e3o da categoria em assembleia na pr\u00f3xima ter\u00e7a-feira (23), \u00e0s 10h, no Salgado Filho.<\/p>\n<p>No ACT est\u00e1 prevista a redu\u00e7\u00e3o de jornadas de trabalho de 30% a 50% assim como manuten\u00e7\u00e3o parcial de direitos trabalhistas. A dura\u00e7\u00e3o do ACT \u00e9 de 90 dias.<\/p>\n<p>O Sindicato convoca todos os trabalhadores da empresa a participarem dessa decis\u00e3o para que o processo se d\u00ea de forma mais democr\u00e1tica poss\u00edvel. \u201cA participa\u00e7\u00e3o de todos na assembleia \u00e9 sempre important\u00edssima, contamos com os aerovi\u00e1rios\u201d, afirma a diretoria.<\/p>\n<p><a href=\"https:\/\/aeroviarios.org.br\/novo\/wp-content\/uploads\/2020\/06\/edital-Aerolineas.jpg\"><img fetchpriority=\"high\" decoding=\"async\" class=\"alignnone  wp-image-10834\" src=\"https:\/\/aeroviarios.org.br\/novo\/wp-content\/uploads\/2020\/06\/edital-Aerolineas.jpg\" alt=\"\" width=\"600\" height=\"467\" \/><\/a><\/p>\n","protected":false},"excerpt":{"rendered":"<p>A empresa Aerol\u00edneas Argentinas apresentou proposta de Acordo Coletivo de Trabalho (ACT) para o Sindicato dos Aerovi\u00e1rios de Porto Alegre. A proposta, muito semelhante ao que j\u00e1 vem sendo acordado com diversas empresas, ser\u00e1 colocada para aprecia\u00e7\u00e3o da categoria em assembleia na pr\u00f3xima ter\u00e7a-feira (23), \u00e0s 10h, no Salgado Filho. No ACT est\u00e1 prevista a<\/p>\n","protected":false},"author":1,"featured_media":10833,"comment_status":"open","ping_status":"open","sticky":false,"template":"","format":"standard","meta":{"footnotes":""},"categories":[27,31],"tags":[],"class_list":{"0":"post-10832","1":"post","2":"type-post","3":"status-publish","4":"format-standard","5":"has-post-thumbnail","7":"category-geral","8":"category-noticias"},"_links":{"self":[{"href":"https:\/\/aeroviarios.org.br\/index.php\/wp-json\/wp\/v2\/posts\/10832","targetHints":{"allow":["GET"]}}],"collection":[{"href":"https:\/\/aeroviarios.org.br\/index.php\/wp-json\/wp\/v2\/posts"}],"about":[{"href":"https:\/\/aeroviarios.org.br\/index.php\/wp-json\/wp\/v2\/types\/post"}],"author":[{"embeddable":true,"href":"https:\/\/aeroviarios.org.br\/index.php\/wp-json\/wp\/v2\/users\/1"}],"replies":[{"embeddable":true,"href":"https:\/\/aeroviarios.org.br\/index.php\/wp-json\/wp\/v2\/comments?post=10832"}],"version-history":[{"count":0,"href":"https:\/\/aeroviarios.org.br\/index.php\/wp-json\/wp\/v2\/posts\/10832\/revisions"}],"wp:featuredmedia":[{"embeddable":true,"href":"https:\/\/aeroviarios.org.br\/index.php\/wp-json\/"}],"wp:attachment":[{"href":"https:\/\/aeroviarios.org.br\/index.php\/wp-json\/wp\/v2\/media?parent=10832"}],"wp:term":[{"taxonomy":"category","embeddable":true,"href":"https:\/\/aeroviarios.org.br\/index.php\/wp-json\/wp\/v2\/categories?post=10832"},{"taxonomy":"post_tag","embeddable":true,"href":"https:\/\/aeroviarios.org.br\/index.php\/wp-json\/wp\/v2\/tags?post=10832"}],"curies":[{"name":"wp","href":"https:\/\/api.w.org\/{rel}","templated":true}]}}