{"id":10823,"date":"2020-06-17T21:05:19","date_gmt":"2020-06-17T21:05:19","guid":{"rendered":"http:\/\/aeroviarios.org.br\/?p=10823"},"modified":"2020-06-17T21:05:19","modified_gmt":"2020-06-17T21:05:19","slug":"trabalhadores-aprovam-pauta-do-sindicato-texto-foi-enviado-para-as-empresas","status":"publish","type":"post","link":"https:\/\/aeroviarios.org.br\/index.php\/2020\/06\/17\/trabalhadores-aprovam-pauta-do-sindicato-texto-foi-enviado-para-as-empresas\/","title":{"rendered":"Trabalhadores aprovam pauta do Sindicato; texto foi enviado para as empresas"},"content":{"rendered":"<p>Antevendo as pr\u00f3ximas propostas que seriam colocadas pelas empresas terminados os prazos de vig\u00eancia dos primeiros Acordos Coletivos de Trabalho (ACT) referentes a pandemia do novo coronav\u00edrus (COVID-19), o Sindicato dos Aerovi\u00e1rios de Porto Alegre e os demais sindicatos de aerovi\u00e1rios filiados \u00e0 Fentac\/CUT preparam uma pauta que re\u00fane as principais solicita\u00e7\u00f5es dos trabalhadores para um futuro novo Acordo.<\/p>\n<p>Essa proposta foi levada para assembleias por todo o pa\u00eds e amplamente aprovada pela categoria. Em Porto Alegre, 160 trabalhadores da Azul aprovaram a proposta e 2 a rejeitaram, j\u00e1 Gol e Latam tiveram respectivamente 120 e 142 votos aprovando o texto e sem nenhuma rejei\u00e7\u00e3o. A assembleia foi realizada na \u00faltima segunda-feira (15), das 8h ao meio-dia, em diversos locais do Salgado Filho afim de evitar aglomera\u00e7\u00f5es de trabalhadores de diversas empresas num mesmo ambiente.<\/p>\n<p>Com a aprova\u00e7\u00e3o dos trabalhadores, o texto formulado pelas entidades sindicais j\u00e1 foi enviado para as empresas. Ap\u00f3s o envio desse material, o Sindicato dos Aerovi\u00e1rios de Porto Alegre acredita que haver\u00e1 uma negocia\u00e7\u00e3o com as empresas sobre os termos pretendidos pelos trabalhadores. Mais informa\u00e7\u00f5es sobre essas negocia\u00e7\u00f5es ser\u00e3o divulgadas pela entidade assim que novidades forem surgindo.<\/p>\n<p>O Sindicato agradece a participa\u00e7\u00e3o dos trabalhadores no processo de assembleia. Os diretores da entidade afirmam que \u201cficamos muito contentes com o volume de trabalhadores que participou do processo de assembleia durante toda a manh\u00e3\u201d. A dire\u00e7\u00e3o sindical ainda finaliza dizendo que \u201c\u00e9 esse tipo de participa\u00e7\u00e3o que queremos, que fortifica a entidade\u201d.<\/p>\n<p>Confira fotos da Assembleia:<\/p>\n<p><a href=\"https:\/\/aeroviarios.org.br\/novo\/wp-content\/uploads\/2020\/06\/WhatsApp-Image-2020-06-16-at-12.44.50.jpeg\"><img fetchpriority=\"high\" decoding=\"async\" class=\"alignnone size-large wp-image-10825\" src=\"https:\/\/aeroviarios.org.br\/novo\/wp-content\/uploads\/2020\/06\/WhatsApp-Image-2020-06-16-at-12.44.50-1024x768.jpeg\" alt=\"\" width=\"702\" height=\"527\" \/><\/a> <a href=\"https:\/\/aeroviarios.org.br\/novo\/wp-content\/uploads\/2020\/06\/WhatsApp-Image-2020-06-16-at-12.44.51.jpeg\"><img decoding=\"async\" class=\"alignnone size-large wp-image-10826\" src=\"https:\/\/aeroviarios.org.br\/novo\/wp-content\/uploads\/2020\/06\/WhatsApp-Image-2020-06-16-at-12.44.51-1024x768.jpeg\" alt=\"\" width=\"702\" height=\"527\" \/><\/a> <a href=\"https:\/\/aeroviarios.org.br\/novo\/wp-content\/uploads\/2020\/06\/WhatsApp-Image-2020-06-15-at-17.11.15.jpeg\"><img decoding=\"async\" class=\"alignnone size-large wp-image-10827\" src=\"https:\/\/aeroviarios.org.br\/novo\/wp-content\/uploads\/2020\/06\/WhatsApp-Image-2020-06-15-at-17.11.15-1024x768.jpeg\" alt=\"\" width=\"702\" height=\"527\" \/><\/a><\/p>\n","protected":false},"excerpt":{"rendered":"<p>Antevendo as pr\u00f3ximas propostas que seriam colocadas pelas empresas terminados os prazos de vig\u00eancia dos primeiros Acordos Coletivos de Trabalho (ACT) referentes a pandemia do novo coronav\u00edrus (COVID-19), o Sindicato dos Aerovi\u00e1rios de Porto Alegre e os demais sindicatos de aerovi\u00e1rios filiados \u00e0 Fentac\/CUT preparam uma pauta que re\u00fane as principais solicita\u00e7\u00f5es dos trabalhadores para<\/p>\n","protected":false},"author":1,"featured_media":10824,"comment_status":"open","ping_status":"open","sticky":false,"template":"","format":"standard","meta":{"footnotes":""},"categories":[27,31],"tags":[],"class_list":{"0":"post-10823","1":"post","2":"type-post","3":"status-publish","4":"format-standard","5":"has-post-thumbnail","7":"category-geral","8":"category-noticias"},"_links":{"self":[{"href":"https:\/\/aeroviarios.org.br\/index.php\/wp-json\/wp\/v2\/posts\/10823","targetHints":{"allow":["GET"]}}],"collection":[{"href":"https:\/\/aeroviarios.org.br\/index.php\/wp-json\/wp\/v2\/posts"}],"about":[{"href":"https:\/\/aeroviarios.org.br\/index.php\/wp-json\/wp\/v2\/types\/post"}],"author":[{"embeddable":true,"href":"https:\/\/aeroviarios.org.br\/index.php\/wp-json\/wp\/v2\/users\/1"}],"replies":[{"embeddable":true,"href":"https:\/\/aeroviarios.org.br\/index.php\/wp-json\/wp\/v2\/comments?post=10823"}],"version-history":[{"count":0,"href":"https:\/\/aeroviarios.org.br\/index.php\/wp-json\/wp\/v2\/posts\/10823\/revisions"}],"wp:featuredmedia":[{"embeddable":true,"href":"https:\/\/aeroviarios.org.br\/index.php\/wp-json\/"}],"wp:attachment":[{"href":"https:\/\/aeroviarios.org.br\/index.php\/wp-json\/wp\/v2\/media?parent=10823"}],"wp:term":[{"taxonomy":"category","embeddable":true,"href":"https:\/\/aeroviarios.org.br\/index.php\/wp-json\/wp\/v2\/categories?post=10823"},{"taxonomy":"post_tag","embeddable":true,"href":"https:\/\/aeroviarios.org.br\/index.php\/wp-json\/wp\/v2\/tags?post=10823"}],"curies":[{"name":"wp","href":"https:\/\/api.w.org\/{rel}","templated":true}]}}