{"id":10813,"date":"2020-06-11T15:36:04","date_gmt":"2020-06-11T15:36:04","guid":{"rendered":"http:\/\/aeroviarios.org.br\/?p=10813"},"modified":"2020-06-11T15:36:04","modified_gmt":"2020-06-11T15:36:04","slug":"proposta-de-act-e-apresentada-para-categoria-assembleia-acontece-na-segunda-15","status":"publish","type":"post","link":"https:\/\/aeroviarios.org.br\/index.php\/2020\/06\/11\/proposta-de-act-e-apresentada-para-categoria-assembleia-acontece-na-segunda-15\/","title":{"rendered":"Proposta de ACT \u00e9 apresentada para categoria; assembleia acontece na segunda (15)"},"content":{"rendered":"<p>Mat\u00e9ria alterada em 12\/06\/2020 \u00e0s 12:59.<\/p>\n<p>Com a proximidade do vencimento dos Acordos Coletivos de Trabalho (ACT) propostos pelas empresas a\u00e9reas, os sindicatos de aerovi\u00e1rios filiados \u00e0 Fentac\/CUT formularam uma contraproposta que contempla as solicita\u00e7\u00f5es feitas pelos trabalhadores. Presente na confec\u00e7\u00e3o dessa nova iniciativa, o Sindicato dos Aerovi\u00e1rios de Porto Alegre buscou fazer valer as demandas dos trabalhadores da capital.<\/p>\n<p>No texto, as entidades sindicais prop\u00f5em tr\u00eas modalidades para o per\u00edodo da pandemia do novo coronav\u00edrus (COVID-19), confira cada uma delas e seus principais pontos:<\/p>\n<ol>\n<li><strong>Programa de demiss\u00e3o incentivada (PDI)<\/strong><\/li>\n<\/ol>\n<p>&#8211; Garante demiss\u00e3o com aviso pr\u00e9vio e verbas rescis\u00f3rias, multa do FGTS de 40% e seguro desemprego.<\/p>\n<p>&#8211; Benef\u00edcio de viagem por 24 meses extens\u00edvel para c\u00f4njuge e filhos.<\/p>\n<p>&#8211; Plano de sa\u00fade nos mesmos moldes vigentes por 24 meses para c\u00f4njuge e filhos.<\/p>\n<p>&#8211; Vale alimenta\u00e7\u00e3o por 6 meses.<\/p>\n<p>&#8211; Prioridade na recontrata\u00e7\u00e3o.<\/p>\n<ol start=\"2\">\n<li><strong>Plano de aposentadoria incentivada (PAI)<\/strong><\/li>\n<\/ol>\n<p>Esta modalidade considera apenas trabalhadores j\u00e1 com tempo para se aposentar pelo INSS ou que estejam a at\u00e9 3 anos de se aposentar.<\/p>\n<p>&#8211; Garante demiss\u00e3o com aviso pr\u00e9vio e verbas rescis\u00f3rias, multa do FGTS de 40% e seguro desemprego.<\/p>\n<p>&#8211; Benef\u00edcio viagem e Myld Travel vital\u00edcio com extens\u00e3o para c\u00f4njuge, filhos, pais e irm\u00e3os.<\/p>\n<p>&#8211; Plano de sa\u00fade nos moldes vigentes por 24 meses.<\/p>\n<p>&#8211; Saque de 100% da Previd\u00eancia Privada incluindo parte da empresa.<\/p>\n<ol start=\"3\">\n<li><strong>Licen\u00e7a N\u00e3o Remunerada Volunt\u00e1ria (LNRV)<\/strong><\/li>\n<\/ol>\n<p>N\u00e3o aderindo aos modelos de PDI e PAI no prazo de 10 dias, o trabalhador poder\u00e1 optar por esse modelo.<\/p>\n<p>&#8211; Prazo m\u00e1ximo de tr\u00eas meses sem prorroga\u00e7\u00e3o.<\/p>\n<p>&#8211; Benef\u00edcio Viagem e MyldTravel.<\/p>\n<p>&#8211; Empresa pagando valor integral do plano de sa\u00fade.<\/p>\n<p>&#8211; Vale-alimenta\u00e7\u00e3o mensal no valor de R$ 1.500, independentemente da faixa salarial.<\/p>\n<p>Na proposta dos sindicatos, os trabalhadores ter\u00e3o 10 dias para registrarem interesse junto as empresas a partir da data do aceite da proposta por parte das mesmas. Caso os trabalhadores n\u00e3o registrem interesse em nenhuma alternativa, o ACT prev\u00ea que os trabalhadores possam ter suas jornadas reduzidas em 25% nos tr\u00eas primeiros meses de vig\u00eancia da proposta, 15% no quarto, quinto e sexto m\u00eas, e 10% nos demais, mas com a manuten\u00e7\u00e3o do Vale-Refei\u00e7\u00e3o e Vale Alimenta\u00e7\u00e3o e uma remunera\u00e7\u00e3o m\u00ednima de R$ 1.377,75.<\/p>\n<p>Outras cl\u00e1usulas do acordo ainda preveem a negocia\u00e7\u00e3o, por parte das empresas, da redu\u00e7\u00e3o do valor das parcelas de empr\u00e9stimos consignados, a extens\u00e3o dos prazos do banco de horas para dois meses, a regulamenta\u00e7\u00e3o do teletrabalho, a fixa\u00e7\u00e3o da data do pagamento para os PPR 2019\/2020 e a entrega obrigat\u00f3ria do PPP no ato no caso de rescis\u00e3o.<\/p>\n<p><strong>Sindicato realiza assembleia nessa segunda-feira (15)<\/strong><\/p>\n<p><a href=\"https:\/\/aeroviarios.org.br\/novo\/wp-content\/uploads\/2020\/06\/edital-proposta-sindicato.jpg\"><img fetchpriority=\"high\" decoding=\"async\" class=\"alignnone wp-image-10816\" src=\"https:\/\/aeroviarios.org.br\/novo\/wp-content\/uploads\/2020\/06\/edital-proposta-sindicato.jpg\" alt=\"\" width=\"600\" height=\"467\" \/><\/a><\/p>\n<p>Das 8h \u00e0s 12h, no Salgado Filho, nesta segunda-feira (15), os diretores do sindicato estar\u00e3o nas depend\u00eancias das empresas para recolher os votos dos trabalhadores a respeito da proposta. A entidade sindical divulgar\u00e1 o resultado da aprecia\u00e7\u00e3o em suas redes sociais.<\/p>\n<p>O Sindicato refor\u00e7a a import\u00e2ncia dos trabalhadores participarem dessas assembleias, assim como debaterem, com a dire\u00e7\u00e3o do sindicato e tamb\u00e9m com os seus colegas, sobre a proposta das entidades sindicais. Para a dire\u00e7\u00e3o do Sindicato, \u00e9 de suma import\u00e2ncia que reforcemos nossas discuss\u00f5es e nossa uni\u00e3o em um momento cr\u00edtico e de dificuldade como esse que enfrentamos.<\/p>\n<p>A \u00edntegra do texto desse acordo pode ser acessada <a href=\"https:\/\/aeroviarios.org.br\/novo\/wp-content\/uploads\/2020\/06\/ACT-FENTAC-A%C3%89REAS-10-06.docx\">clicando aqui<\/a>.<\/p>\n","protected":false},"excerpt":{"rendered":"<p>Mat\u00e9ria alterada em 12\/06\/2020 \u00e0s 12:59. Com a proximidade do vencimento dos Acordos Coletivos de Trabalho (ACT) propostos pelas empresas a\u00e9reas, os sindicatos de aerovi\u00e1rios filiados \u00e0 Fentac\/CUT formularam uma contraproposta que contempla as solicita\u00e7\u00f5es feitas pelos trabalhadores. Presente na confec\u00e7\u00e3o dessa nova iniciativa, o Sindicato dos Aerovi\u00e1rios de Porto Alegre buscou fazer valer as<\/p>\n","protected":false},"author":1,"featured_media":10814,"comment_status":"open","ping_status":"open","sticky":false,"template":"","format":"standard","meta":{"footnotes":""},"categories":[27,31],"tags":[],"class_list":{"0":"post-10813","1":"post","2":"type-post","3":"status-publish","4":"format-standard","5":"has-post-thumbnail","7":"category-geral","8":"category-noticias"},"_links":{"self":[{"href":"https:\/\/aeroviarios.org.br\/index.php\/wp-json\/wp\/v2\/posts\/10813","targetHints":{"allow":["GET"]}}],"collection":[{"href":"https:\/\/aeroviarios.org.br\/index.php\/wp-json\/wp\/v2\/posts"}],"about":[{"href":"https:\/\/aeroviarios.org.br\/index.php\/wp-json\/wp\/v2\/types\/post"}],"author":[{"embeddable":true,"href":"https:\/\/aeroviarios.org.br\/index.php\/wp-json\/wp\/v2\/users\/1"}],"replies":[{"embeddable":true,"href":"https:\/\/aeroviarios.org.br\/index.php\/wp-json\/wp\/v2\/comments?post=10813"}],"version-history":[{"count":0,"href":"https:\/\/aeroviarios.org.br\/index.php\/wp-json\/wp\/v2\/posts\/10813\/revisions"}],"wp:featuredmedia":[{"embeddable":true,"href":"https:\/\/aeroviarios.org.br\/index.php\/wp-json\/"}],"wp:attachment":[{"href":"https:\/\/aeroviarios.org.br\/index.php\/wp-json\/wp\/v2\/media?parent=10813"}],"wp:term":[{"taxonomy":"category","embeddable":true,"href":"https:\/\/aeroviarios.org.br\/index.php\/wp-json\/wp\/v2\/categories?post=10813"},{"taxonomy":"post_tag","embeddable":true,"href":"https:\/\/aeroviarios.org.br\/index.php\/wp-json\/wp\/v2\/tags?post=10813"}],"curies":[{"name":"wp","href":"https:\/\/api.w.org\/{rel}","templated":true}]}}