{"id":10806,"date":"2020-06-03T21:21:33","date_gmt":"2020-06-03T21:21:33","guid":{"rendered":"http:\/\/aeroviarios.org.br\/?p=10806"},"modified":"2020-06-03T21:21:33","modified_gmt":"2020-06-03T21:21:33","slug":"proposta-de-emenda-autoriza-saque-de-fgts-para-aeroviarios","status":"publish","type":"post","link":"https:\/\/aeroviarios.org.br\/index.php\/2020\/06\/03\/proposta-de-emenda-autoriza-saque-de-fgts-para-aeroviarios\/","title":{"rendered":"Proposta de emenda autoriza saque de FGTS para aerovi\u00e1rios"},"content":{"rendered":"<p>Atrav\u00e9s do deputado federal Alencar Santana Braga (PT-SP), a Federa\u00e7\u00e3o Nacional dos Trabalhadores em Avia\u00e7\u00e3o Civil (Fentac\/CUT) encaminhou uma emenda \u00e0 Medida Provis\u00f3ria 927 permitindo o saque integral dos valores retidos no FGTS das categorias aerovi\u00e1ria, aeroportu\u00e1ria e aeronauta. O Sindicato dos Aerovi\u00e1rios de Porto Alegre, filiado \u00e0 Fentac\/CUT, integra o conjunto de entidades que busca a libera\u00e7\u00e3o desses saques.<\/p>\n<p>Segundo informa\u00e7\u00f5es do site do deputado federal, o not\u00f3rio impacto econ\u00f4mico da pandemia do novo coronav\u00edrus (COVID-19) nas empresas a\u00e9reas e nas categorias envolvidas no setor alterou profundamente a realidade socioecon\u00f4mica dos trabalhadores. Ainda segundo o site do deputado, a libera\u00e7\u00e3o dos valores tem o sentido \u201cde contribuir para minimizar os impactos no or\u00e7amento familiar de cada trabalhador e trabalhadora do setor a\u00e9reo\u201d.<\/p>\n<p>Para o Sindicato, \u00e9 fundamental que o Congresso Nacional se sensibilize com a situa\u00e7\u00e3o dos homens e mulheres que tocam a avia\u00e7\u00e3o no Brasil, j\u00e1 que com a redu\u00e7\u00e3o de carga hor\u00e1ria permitida pelas Medidas Provis\u00f3rias recentemente aprovadas, muitos desses trabalhadores tiveram uma redu\u00e7\u00e3o de at\u00e9 70% nos sal\u00e1rios e tamb\u00e9m perdendo direitos como vale-refei\u00e7\u00e3o e vale alimenta\u00e7\u00e3o em alguns casos.<\/p>\n<p>Confira o texto da emenda na \u00edntegra:<\/p>\n<p><em>Art. __ Ficam autorizados aos aerovi\u00e1rios, aeroportu\u00e1rios e aeronautas com contrato de trabalho ativo, ou com redu\u00e7\u00e3o de sal\u00e1rios, ou que estejam em licen\u00e7a n\u00e3o remunerada, ou suspens\u00e3o de contratos, o direito de realizar o saque integral do saldo das contas do Fundo de Garantia do Tempo de Servi\u00e7o (FGTS) pelo per\u00edodo que durar o estado de calamidade p\u00fablica, de que trata o Decreto Legislativo n\u00ba 6\/2020<\/em><\/p>\n<p><a href=\"https:\/\/aeroviarios.org.br\/novo\/wp-content\/uploads\/2020\/06\/WhatsApp-Image-2020-06-03-at-16.13.37.jpeg\"><img fetchpriority=\"high\" decoding=\"async\" class=\"alignnone wp-image-10808\" src=\"https:\/\/aeroviarios.org.br\/novo\/wp-content\/uploads\/2020\/06\/WhatsApp-Image-2020-06-03-at-16.13.37.jpeg\" alt=\"\" width=\"600\" height=\"600\" \/><\/a><\/p>\n","protected":false},"excerpt":{"rendered":"<p>Atrav\u00e9s do deputado federal Alencar Santana Braga (PT-SP), a Federa\u00e7\u00e3o Nacional dos Trabalhadores em Avia\u00e7\u00e3o Civil (Fentac\/CUT) encaminhou uma emenda \u00e0 Medida Provis\u00f3ria 927 permitindo o saque integral dos valores retidos no FGTS das categorias aerovi\u00e1ria, aeroportu\u00e1ria e aeronauta. O Sindicato dos Aerovi\u00e1rios de Porto Alegre, filiado \u00e0 Fentac\/CUT, integra o conjunto de entidades que<\/p>\n","protected":false},"author":1,"featured_media":10807,"comment_status":"open","ping_status":"open","sticky":false,"template":"","format":"standard","meta":{"footnotes":""},"categories":[27,31],"tags":[],"class_list":{"0":"post-10806","1":"post","2":"type-post","3":"status-publish","4":"format-standard","5":"has-post-thumbnail","7":"category-geral","8":"category-noticias"},"_links":{"self":[{"href":"https:\/\/aeroviarios.org.br\/index.php\/wp-json\/wp\/v2\/posts\/10806","targetHints":{"allow":["GET"]}}],"collection":[{"href":"https:\/\/aeroviarios.org.br\/index.php\/wp-json\/wp\/v2\/posts"}],"about":[{"href":"https:\/\/aeroviarios.org.br\/index.php\/wp-json\/wp\/v2\/types\/post"}],"author":[{"embeddable":true,"href":"https:\/\/aeroviarios.org.br\/index.php\/wp-json\/wp\/v2\/users\/1"}],"replies":[{"embeddable":true,"href":"https:\/\/aeroviarios.org.br\/index.php\/wp-json\/wp\/v2\/comments?post=10806"}],"version-history":[{"count":0,"href":"https:\/\/aeroviarios.org.br\/index.php\/wp-json\/wp\/v2\/posts\/10806\/revisions"}],"wp:featuredmedia":[{"embeddable":true,"href":"https:\/\/aeroviarios.org.br\/index.php\/wp-json\/"}],"wp:attachment":[{"href":"https:\/\/aeroviarios.org.br\/index.php\/wp-json\/wp\/v2\/media?parent=10806"}],"wp:term":[{"taxonomy":"category","embeddable":true,"href":"https:\/\/aeroviarios.org.br\/index.php\/wp-json\/wp\/v2\/categories?post=10806"},{"taxonomy":"post_tag","embeddable":true,"href":"https:\/\/aeroviarios.org.br\/index.php\/wp-json\/wp\/v2\/tags?post=10806"}],"curies":[{"name":"wp","href":"https:\/\/api.w.org\/{rel}","templated":true}]}}