{"id":10784,"date":"2020-05-27T12:36:33","date_gmt":"2020-05-27T12:36:33","guid":{"rendered":"http:\/\/aeroviarios.org.br\/?p=10784"},"modified":"2020-05-27T12:36:33","modified_gmt":"2020-05-27T12:36:33","slug":"editorial-tres-decadas-e-meia-em-defesa-do-aeroviario","status":"publish","type":"post","link":"https:\/\/aeroviarios.org.br\/index.php\/2020\/05\/27\/editorial-tres-decadas-e-meia-em-defesa-do-aeroviario\/","title":{"rendered":"Editorial: Tr\u00eas d\u00e9cadas e meia em defesa do aerovi\u00e1rio"},"content":{"rendered":"<p>27 de maio \u00e9 a data em que o Sindicato comemora o seu anivers\u00e1rio. Nessa mesma data, em 1985, foi fundada a Associa\u00e7\u00e3o Profissional dos Trabalhadores Aerovi\u00e1rios de Porto Alegre, entidade que deu origem ao que hoje \u00e9 o Sindicato. Nesta data, renovamos nossos votos de sempre estar ao lado do trabalhador, de sempre priorizar o que a categoria deseja, de manter a democracia em todas nossas decis\u00f5es e de estarmos sempre atentos aos rumos da avia\u00e7\u00e3o brasileira.<\/p>\n<p>S\u00e3o 35 anos de trajet\u00f3ria que atravessam diversos momentos distintos. Nesse tempo, 8 pol\u00edticos diferentes sentaram na cadeira de Presidente do Brasil, empresas a\u00e9reas surgiram, cresceram, se consolidaram, algumas sa\u00edram do mercado, outras mudaram de nome, outras, como a TAP ME, deixaram a cidade. O Salgado Filho ganhou \u00e1reas de manuten\u00e7\u00e3o e cargas, ganhou mais um terminal, foi concedido para a iniciativa privada, teve um de seus terminais desativado e ganhou um novo espa\u00e7o para os setores de check-in. Muita coisa mudou na avia\u00e7\u00e3o de Porto Alegre e no mundo e o Sindicato dos Aerovi\u00e1rios de Porto Alegre esteve presente durante todas essas mudan\u00e7as.<\/p>\n<p>Nessas tr\u00eas d\u00e9cadas e meia conquistamos uma Conven\u00e7\u00e3o Coletiva de Trabalho (CCT) preenchida de direitos que para muitas categorias de trabalhadores s\u00e3o sonhos. Sa\u00edmos vitoriosos de processos judiciais que garantiram valores que pertencem aos aerovi\u00e1rios e fechamos acordos, sempre atrav\u00e9s de assembleias democr\u00e1ticas, que protegeram a categoria e momentos delicados.<\/p>\n<p>Agora estamos atravessando mais um momento de transforma\u00e7\u00f5es. Nossa categoria, assim como nossa dire\u00e7\u00e3o, tornou-se centrada no Salgado Filho uma vez que a TAP ME, que chegou a empregar mais de 1500 trabalhadores, fechou as opera\u00e7\u00f5es na capital. Nos reinventamos e estamos permanentemente buscando um enquadramento nessa nova realidade.<\/p>\n<p>Nosso principal objetivo nesse momento de transforma\u00e7\u00e3o e de dificuldades decorrentes da pandemia do novo coronav\u00edrus (COVID-19) deve ser uma uni\u00e3o fortalecida, com maior envolvimento e maior interesse da categoria no dia-a-dia do Sindicato. Queremos o aerovi\u00e1rio do nosso lado, trabalhando conosco para que conquistas grandiosas como muitas que j\u00e1 tivemos possam fazer parte da nossa hist\u00f3ria mais uma vez. Queremos novos cap\u00edtulos vitoriosos na nossa biografia, e para tanto, dependemos do apoio dos trabalhadores.<\/p>\n<p>Aqui expressamos nosso convite: venha estar junto conosco, nos siga nas redes sociais, proponha debates nos grupos de trabalhadores, seja uma for\u00e7a de mudan\u00e7a juntamente dos diretores da entidade. Somente com trabalho \u00e9 que podemos nos fortalecer.<\/p>\n<p>Que os pr\u00f3ximos 35 anos do nosso Sindicato sejam ainda mais repletos de vit\u00f3rias, conquistas de direitos, permeados de democracia e de participa\u00e7\u00e3o dos trabalhadores, esses s\u00e3o os votos do Sindicato.<\/p>\n<p><em><strong>Confirma abaixo um dos v\u00eddeos que a entidade preparou para essa data:<\/strong><\/em><\/p>\n\n","protected":false},"excerpt":{"rendered":"<p>27 de maio \u00e9 a data em que o Sindicato comemora o seu anivers\u00e1rio. Nessa mesma data, em 1985, foi fundada a Associa\u00e7\u00e3o Profissional dos Trabalhadores Aerovi\u00e1rios de Porto Alegre, entidade que deu origem ao que hoje \u00e9 o Sindicato. Nesta data, renovamos nossos votos de sempre estar ao lado do trabalhador, de sempre priorizar<\/p>\n","protected":false},"author":1,"featured_media":10788,"comment_status":"open","ping_status":"open","sticky":false,"template":"","format":"standard","meta":{"footnotes":""},"categories":[39],"tags":[],"class_list":{"0":"post-10784","1":"post","2":"type-post","3":"status-publish","4":"format-standard","5":"has-post-thumbnail","7":"category-editoriais"},"_links":{"self":[{"href":"https:\/\/aeroviarios.org.br\/index.php\/wp-json\/wp\/v2\/posts\/10784","targetHints":{"allow":["GET"]}}],"collection":[{"href":"https:\/\/aeroviarios.org.br\/index.php\/wp-json\/wp\/v2\/posts"}],"about":[{"href":"https:\/\/aeroviarios.org.br\/index.php\/wp-json\/wp\/v2\/types\/post"}],"author":[{"embeddable":true,"href":"https:\/\/aeroviarios.org.br\/index.php\/wp-json\/wp\/v2\/users\/1"}],"replies":[{"embeddable":true,"href":"https:\/\/aeroviarios.org.br\/index.php\/wp-json\/wp\/v2\/comments?post=10784"}],"version-history":[{"count":0,"href":"https:\/\/aeroviarios.org.br\/index.php\/wp-json\/wp\/v2\/posts\/10784\/revisions"}],"wp:featuredmedia":[{"embeddable":true,"href":"https:\/\/aeroviarios.org.br\/index.php\/wp-json\/"}],"wp:attachment":[{"href":"https:\/\/aeroviarios.org.br\/index.php\/wp-json\/wp\/v2\/media?parent=10784"}],"wp:term":[{"taxonomy":"category","embeddable":true,"href":"https:\/\/aeroviarios.org.br\/index.php\/wp-json\/wp\/v2\/categories?post=10784"},{"taxonomy":"post_tag","embeddable":true,"href":"https:\/\/aeroviarios.org.br\/index.php\/wp-json\/wp\/v2\/tags?post=10784"}],"curies":[{"name":"wp","href":"https:\/\/api.w.org\/{rel}","templated":true}]}}