{"id":10782,"date":"2020-05-26T19:00:24","date_gmt":"2020-05-26T19:00:24","guid":{"rendered":"http:\/\/aeroviarios.org.br\/?p=10782"},"modified":"2020-05-26T19:00:24","modified_gmt":"2020-05-26T19:00:24","slug":"informe-juridico-trabalhadores-da-tap-me-devem-entrar-em-contato-com-o-sindicato-4","status":"publish","type":"post","link":"https:\/\/aeroviarios.org.br\/index.php\/2020\/05\/26\/informe-juridico-trabalhadores-da-tap-me-devem-entrar-em-contato-com-o-sindicato-4\/","title":{"rendered":"Informe Jur\u00eddico: Trabalhadores da TAP ME devem entrar em contato com o Sindicato"},"content":{"rendered":"<p>Os aerovi\u00e1rios listados abaixo devem entrar urgentemente em contato com o Sindicato dos Aerovi\u00e1rios de Porto Alegre para tratar de a\u00e7\u00e3o judicial. Em decorr\u00eancia do fechamento da sede dada a epidemia do novo coronav\u00edrus (COVID-19), os aerovi\u00e1rios dever\u00e3o enviar dados banc\u00e1rios para dep\u00f3sito e c\u00f3pia do RG para o e-mail administrativo@aeroviarios.org.br.<\/p>\n<p>Alo\u00edsio Maur\u00edcio G. Batista<br \/>\nDavi Prytula<br \/>\nFelipe Edinger Pinto<br \/>\nFelipe Paix\u00e3o Barreto<br \/>\nLeonardo Balestrin<br \/>\nLincoln Cunha da Silva<br \/>\nPaulo de Melo Barreto<br \/>\nPaulo Roberto Schutz<br \/>\nPercio da Silva Vargas<br \/>\nRafael Gasparetto<br \/>\nVin\u00edcius Azevedo Ramazzini<\/p>\n","protected":false},"excerpt":{"rendered":"<p>Os aerovi\u00e1rios listados abaixo devem entrar urgentemente em contato com o Sindicato dos Aerovi\u00e1rios de Porto Alegre para tratar de a\u00e7\u00e3o judicial. Em decorr\u00eancia do fechamento da sede dada a epidemia do novo coronav\u00edrus (COVID-19), os aerovi\u00e1rios dever\u00e3o enviar dados banc\u00e1rios para dep\u00f3sito e c\u00f3pia do RG para o e-mail administrativo@aeroviarios.org.br. Alo\u00edsio Maur\u00edcio G. Batista<\/p>\n","protected":false},"author":1,"featured_media":10712,"comment_status":"open","ping_status":"open","sticky":false,"template":"","format":"standard","meta":{"footnotes":""},"categories":[29,31],"tags":[],"class_list":{"0":"post-10782","1":"post","2":"type-post","3":"status-publish","4":"format-standard","5":"has-post-thumbnail","7":"category-juridico","8":"category-noticias"},"_links":{"self":[{"href":"https:\/\/aeroviarios.org.br\/index.php\/wp-json\/wp\/v2\/posts\/10782","targetHints":{"allow":["GET"]}}],"collection":[{"href":"https:\/\/aeroviarios.org.br\/index.php\/wp-json\/wp\/v2\/posts"}],"about":[{"href":"https:\/\/aeroviarios.org.br\/index.php\/wp-json\/wp\/v2\/types\/post"}],"author":[{"embeddable":true,"href":"https:\/\/aeroviarios.org.br\/index.php\/wp-json\/wp\/v2\/users\/1"}],"replies":[{"embeddable":true,"href":"https:\/\/aeroviarios.org.br\/index.php\/wp-json\/wp\/v2\/comments?post=10782"}],"version-history":[{"count":0,"href":"https:\/\/aeroviarios.org.br\/index.php\/wp-json\/wp\/v2\/posts\/10782\/revisions"}],"wp:featuredmedia":[{"embeddable":true,"href":"https:\/\/aeroviarios.org.br\/index.php\/wp-json\/"}],"wp:attachment":[{"href":"https:\/\/aeroviarios.org.br\/index.php\/wp-json\/wp\/v2\/media?parent=10782"}],"wp:term":[{"taxonomy":"category","embeddable":true,"href":"https:\/\/aeroviarios.org.br\/index.php\/wp-json\/wp\/v2\/categories?post=10782"},{"taxonomy":"post_tag","embeddable":true,"href":"https:\/\/aeroviarios.org.br\/index.php\/wp-json\/wp\/v2\/tags?post=10782"}],"curies":[{"name":"wp","href":"https:\/\/api.w.org\/{rel}","templated":true}]}}