{"id":10768,"date":"2020-05-13T19:59:05","date_gmt":"2020-05-13T19:59:05","guid":{"rendered":"http:\/\/aeroviarios.org.br\/?p=10768"},"modified":"2020-05-13T19:59:05","modified_gmt":"2020-05-13T19:59:05","slug":"latam-disponibiliza-vacina-da-gripe-nesta-quinta-14","status":"publish","type":"post","link":"https:\/\/aeroviarios.org.br\/index.php\/2020\/05\/13\/latam-disponibiliza-vacina-da-gripe-nesta-quinta-14\/","title":{"rendered":"Latam disponibiliza vacina da gripe nesta quinta (14)"},"content":{"rendered":"<p>Estar\u00e1 dispon\u00edvel para os trabalhadores da Latam a vacina da gripe nesta quinta-feira (14). A vacina\u00e7\u00e3o acontece no Ambulat\u00f3rio do M\u00e9dico do Trabalho, das 10h \u00e0s 16h.<\/p>\n<p>Para se vacinar, \u00e9 necess\u00e1rio que o trabalhador n\u00e3o esteja de Lincen\u00e7a N\u00e3o Remunerada Volunt\u00e1ria (LNRV) at\u00e9 o dia 15 de maio. Al\u00e9m disso, os aerovi\u00e1rios interessados na vacina devem comparecer ao local de vacina\u00e7\u00e3o portando crach\u00e1 e documento original com foto.<\/p>\n<p>A empresa recomenda que, caso gr\u00e1vida ou amamentando, a aerovi\u00e1ria deve consultar um m\u00e9dico antes de vacinar-se. Aerovi\u00e1rios que sofrem ou sofreram de S\u00edndrome de Guillain-Barr\u00e9, de problemas no sistema imunol\u00f3gico ou que j\u00e1 apresentaram rea\u00e7\u00f5es al\u00e9rgicas a componentes da vacina tamb\u00e9m devem consultar um m\u00e9dico antes de vacinar-se. Ainda conforme comunicado na Latam, al\u00e9rgicos a ovos e al\u00e9rgicos a vacina influenza n\u00e3o devem receber a vacina.<\/p>\n<p><a href=\"https:\/\/aeroviarios.org.br\/novo\/wp-content\/uploads\/2020\/05\/Latam-disponibiliza-vacina-da-gripe-nesta-quarta-14-2.png\"><img fetchpriority=\"high\" decoding=\"async\" class=\"alignnone wp-image-10773\" src=\"https:\/\/aeroviarios.org.br\/novo\/wp-content\/uploads\/2020\/05\/Latam-disponibiliza-vacina-da-gripe-nesta-quarta-14-2.png\" alt=\"\" width=\"600\" height=\"600\" \/><\/a><\/p>\n","protected":false},"excerpt":{"rendered":"<p>Estar\u00e1 dispon\u00edvel para os trabalhadores da Latam a vacina da gripe nesta quinta-feira (14). A vacina\u00e7\u00e3o acontece no Ambulat\u00f3rio do M\u00e9dico do Trabalho, das 10h \u00e0s 16h. Para se vacinar, \u00e9 necess\u00e1rio que o trabalhador n\u00e3o esteja de Lincen\u00e7a N\u00e3o Remunerada Volunt\u00e1ria (LNRV) at\u00e9 o dia 15 de maio. Al\u00e9m disso, os aerovi\u00e1rios interessados na<\/p>\n","protected":false},"author":1,"featured_media":10772,"comment_status":"open","ping_status":"open","sticky":false,"template":"","format":"standard","meta":{"footnotes":""},"categories":[31,28],"tags":[],"class_list":{"0":"post-10768","1":"post","2":"type-post","3":"status-publish","4":"format-standard","5":"has-post-thumbnail","7":"category-noticias","8":"category-saude"},"_links":{"self":[{"href":"https:\/\/aeroviarios.org.br\/index.php\/wp-json\/wp\/v2\/posts\/10768","targetHints":{"allow":["GET"]}}],"collection":[{"href":"https:\/\/aeroviarios.org.br\/index.php\/wp-json\/wp\/v2\/posts"}],"about":[{"href":"https:\/\/aeroviarios.org.br\/index.php\/wp-json\/wp\/v2\/types\/post"}],"author":[{"embeddable":true,"href":"https:\/\/aeroviarios.org.br\/index.php\/wp-json\/wp\/v2\/users\/1"}],"replies":[{"embeddable":true,"href":"https:\/\/aeroviarios.org.br\/index.php\/wp-json\/wp\/v2\/comments?post=10768"}],"version-history":[{"count":0,"href":"https:\/\/aeroviarios.org.br\/index.php\/wp-json\/wp\/v2\/posts\/10768\/revisions"}],"wp:featuredmedia":[{"embeddable":true,"href":"https:\/\/aeroviarios.org.br\/index.php\/wp-json\/"}],"wp:attachment":[{"href":"https:\/\/aeroviarios.org.br\/index.php\/wp-json\/wp\/v2\/media?parent=10768"}],"wp:term":[{"taxonomy":"category","embeddable":true,"href":"https:\/\/aeroviarios.org.br\/index.php\/wp-json\/wp\/v2\/categories?post=10768"},{"taxonomy":"post_tag","embeddable":true,"href":"https:\/\/aeroviarios.org.br\/index.php\/wp-json\/wp\/v2\/tags?post=10768"}],"curies":[{"name":"wp","href":"https:\/\/api.w.org\/{rel}","templated":true}]}}