{"id":10764,"date":"2020-05-08T20:15:00","date_gmt":"2020-05-08T20:15:00","guid":{"rendered":"http:\/\/aeroviarios.org.br\/?p=10764"},"modified":"2020-05-08T20:15:00","modified_gmt":"2020-05-08T20:15:00","slug":"acordos-da-copa-e-das-linhas-aereas-tap-sao-aprovados-pela-categoria","status":"publish","type":"post","link":"https:\/\/aeroviarios.org.br\/index.php\/2020\/05\/08\/acordos-da-copa-e-das-linhas-aereas-tap-sao-aprovados-pela-categoria\/","title":{"rendered":"Acordos da Copa e das linhas a\u00e9reas TAP s\u00e3o aprovados pela categoria"},"content":{"rendered":"<p>Em assembleias que aconteceram nesta quinta (7) e sexta (8), a categoria aerovi\u00e1ria aprovou as propostas de Acordo Coletivo de Trabalho (ACT) colocadas pelas empresas Copa e TAP. Com essas aprova\u00e7\u00f5es, estende-se ainda mais a lista de empresas do setor que firmaram ACTs espec\u00edficos para o per\u00edodo de pandemia do novo coronav\u00edrus (COVID-19).<\/p>\n<p>O Sindicato agradece a participa\u00e7\u00e3o dos trabalhadores nas assembleias e se coloca \u00e0 disposi\u00e7\u00e3o dos trabalhadores para quaisquer d\u00favidas, sugest\u00f5es ou reclama\u00e7\u00f5es. Neste per\u00edodo em que a sede aerovi\u00e1ria est\u00e1 fechada, a entidade est\u00e1 atendendo atrav\u00e9s dos telefones <strong>(51) 98162-9721<\/strong>\u00a0e<strong>\u00a0(51) 98114-0594<\/strong> ou no e-mail <a href=\"mailto:atendimento@aerovarios.org.br\">atendimento@aerovarios.org.br<\/a>.<\/p>\n","protected":false},"excerpt":{"rendered":"<p>Em assembleias que aconteceram nesta quinta (7) e sexta (8), a categoria aerovi\u00e1ria aprovou as propostas de Acordo Coletivo de Trabalho (ACT) colocadas pelas empresas Copa e TAP. Com essas aprova\u00e7\u00f5es, estende-se ainda mais a lista de empresas do setor que firmaram ACTs espec\u00edficos para o per\u00edodo de pandemia do novo coronav\u00edrus (COVID-19). O Sindicato<\/p>\n","protected":false},"author":1,"featured_media":10765,"comment_status":"open","ping_status":"open","sticky":false,"template":"","format":"standard","meta":{"footnotes":""},"categories":[27],"tags":[],"class_list":{"0":"post-10764","1":"post","2":"type-post","3":"status-publish","4":"format-standard","5":"has-post-thumbnail","7":"category-geral"},"_links":{"self":[{"href":"https:\/\/aeroviarios.org.br\/index.php\/wp-json\/wp\/v2\/posts\/10764","targetHints":{"allow":["GET"]}}],"collection":[{"href":"https:\/\/aeroviarios.org.br\/index.php\/wp-json\/wp\/v2\/posts"}],"about":[{"href":"https:\/\/aeroviarios.org.br\/index.php\/wp-json\/wp\/v2\/types\/post"}],"author":[{"embeddable":true,"href":"https:\/\/aeroviarios.org.br\/index.php\/wp-json\/wp\/v2\/users\/1"}],"replies":[{"embeddable":true,"href":"https:\/\/aeroviarios.org.br\/index.php\/wp-json\/wp\/v2\/comments?post=10764"}],"version-history":[{"count":0,"href":"https:\/\/aeroviarios.org.br\/index.php\/wp-json\/wp\/v2\/posts\/10764\/revisions"}],"wp:featuredmedia":[{"embeddable":true,"href":"https:\/\/aeroviarios.org.br\/index.php\/wp-json\/"}],"wp:attachment":[{"href":"https:\/\/aeroviarios.org.br\/index.php\/wp-json\/wp\/v2\/media?parent=10764"}],"wp:term":[{"taxonomy":"category","embeddable":true,"href":"https:\/\/aeroviarios.org.br\/index.php\/wp-json\/wp\/v2\/categories?post=10764"},{"taxonomy":"post_tag","embeddable":true,"href":"https:\/\/aeroviarios.org.br\/index.php\/wp-json\/wp\/v2\/tags?post=10764"}],"curies":[{"name":"wp","href":"https:\/\/api.w.org\/{rel}","templated":true}]}}