{"id":10750,"date":"2020-05-01T13:25:59","date_gmt":"2020-05-01T13:25:59","guid":{"rendered":"http:\/\/aeroviarios.org.br\/?p=10750"},"modified":"2020-05-01T13:25:59","modified_gmt":"2020-05-01T13:25:59","slug":"editorial-um-dia-do-trabalhador-unico-em-nossa-historia","status":"publish","type":"post","link":"https:\/\/aeroviarios.org.br\/index.php\/2020\/05\/01\/editorial-um-dia-do-trabalhador-unico-em-nossa-historia\/","title":{"rendered":"Editorial: Um Dia do Trabalhador \u00fanico em nossa hist\u00f3ria"},"content":{"rendered":"<p>Este \u00e9 um Dia do Trabalhador diferente de todos os outros. Neste 1\u00b0 de maio, muitos de n\u00f3s est\u00e3o afastados de seus locais de trabalho, seja executando o teletrabalho ou em decorr\u00eancia de licen\u00e7as remuneradas ou n\u00e3o remuneradas. Al\u00e9m dessas mudan\u00e7as decorrentes da pandemia do novo coronav\u00edrus (COVID-19), a legisla\u00e7\u00e3o trabalhista tem sofrido um desmanche progressivo nos \u00faltimos anos, e o que restou dessas leis continua sofrendo a interven\u00e7\u00e3o de novas Medidas Provis\u00f3rias (MPs).<\/p>\n<p>Publicada no \u00faltimo 1\u00b0 de abril, exatamente um m\u00eas atr\u00e1s, a MP 936\/2020 trouxe o Benef\u00edcio Emergencial de Manuten\u00e7\u00e3o do Emprego e da Renda (BEm), um tipo de aux\u00edlio emergencial para trabalhadores com contratos de trabalho suspensos ou que estejam recebendo apenas fra\u00e7\u00f5es do que recebiam antes. As entidades sindicais, centrais de todo o pa\u00eds, encaminharam pedidos para o Congresso Nacional para que essa reposi\u00e7\u00e3o salarial atrav\u00e9s desse benef\u00edcio seja de 100%, ao contr\u00e1rio dos 70% hoje previstos, al\u00e9m tamb\u00e9m de pedir a garantia de participa\u00e7\u00e3o dos sindicatos em todas negocia\u00e7\u00f5es entre empresas e trabalhadores nesse per\u00edodo de calamidade p\u00fablica.<\/p>\n<p>\u00c9 muito positivo que o Governo Federal despache um aux\u00edlio financeiro para os trabalhadores, por\u00e9m, o que preocupa o Sindicato dos Aerovi\u00e1rios de Porto Alegre \u00e9 a manuten\u00e7\u00e3o dos postos de trabalho.<\/p>\n<p>Seja por demiss\u00e3o imediata ou ap\u00f3s meses de sal\u00e1rios reduzidos, postos de trabalho na avia\u00e7\u00e3o e em setores mais afetados pela pandemia est\u00e3o em s\u00e9rio risco. O Sindicato considera que al\u00e9m de um aux\u00edlio para este momento, urge a necessidade de um planejamento do Governo Federal para que sejam mantidos esses milhares de empregos que est\u00e3o sob s\u00e9rio risco. \u201cA avia\u00e7\u00e3o est\u00e1 profundamente afetada pela pandemia, mas uma coisa \u00e9 certa, assim que a situa\u00e7\u00e3o melhorar, as pessoas voltar\u00e3o a voar, disso n\u00e3o temos d\u00favida\u201d, afirma a diretoria da entidade.<\/p>\n<p>O Sindicato acredita que, passado esse per\u00edodo de extrema dificuldade, ser\u00e1 absolutamente necess\u00e1ria a uni\u00e3o dos trabalhadores para que haja uma retomada do patamar de direitos que t\u00ednhamos antes. \u201cN\u00e3o podemos nos acomodar nessa situa\u00e7\u00e3o de perda frequente de direitos e contamos com a uni\u00e3o e mobiliza\u00e7\u00e3o da categoria para isso\u201d, afirmam os diretores sindicais.<\/p>\n<p>A entidade tamb\u00e9m deseja que nessa data no pr\u00f3ximo ano possamos estar em um cen\u00e1rio muito mais animador tanto com rela\u00e7\u00e3o ao coronav\u00edrus quanto em rela\u00e7\u00e3o a direitos trabalhistas. \u201cN\u00f3s iremos atravessar esse per\u00edodo e sairemos dele com algumas cicatrizes, mas sairemos tamb\u00e9m mais fortes\u201d, pontua a entidade.<\/p>\n<h3>CUT promover\u00e1 lives e panela\u00e7o pela sa\u00edda de Bolsonaro<\/h3>\n<p>Tanto CUT-RS quando a CUT nacional promover\u00e3o atividades nesse Dia do Trabalhador. Segundo informa\u00e7\u00f5es da CUT ga\u00facha, uma live atrav\u00e9s da Rede Soberania e compartilhada nos canais da entidade acontecer\u00e1 das 9h30 \u00e0s 11h30 e contar\u00e1 com a participa\u00e7\u00e3o do senador Paulo Paim e tamb\u00e9m do ex-governador do Estado Ol\u00edvio Dutra.<\/p>\n<p>Al\u00e9m de diversas atividades espalhadas pelos Estados brasileiros, a iniciativa de um panela\u00e7o nacional est\u00e1 sendo promovida pela CUT nacional sob o mote de Fora Bolsonaro, pela sa\u00edda do pol\u00edtico da presid\u00eancia.<\/p>\n","protected":false},"excerpt":{"rendered":"<p>Este \u00e9 um Dia do Trabalhador diferente de todos os outros. Neste 1\u00b0 de maio, muitos de n\u00f3s est\u00e3o afastados de seus locais de trabalho, seja executando o teletrabalho ou em decorr\u00eancia de licen\u00e7as remuneradas ou n\u00e3o remuneradas. Al\u00e9m dessas mudan\u00e7as decorrentes da pandemia do novo coronav\u00edrus (COVID-19), a legisla\u00e7\u00e3o trabalhista tem sofrido um desmanche<\/p>\n","protected":false},"author":1,"featured_media":10751,"comment_status":"open","ping_status":"open","sticky":false,"template":"","format":"standard","meta":{"footnotes":""},"categories":[39],"tags":[],"class_list":{"0":"post-10750","1":"post","2":"type-post","3":"status-publish","4":"format-standard","5":"has-post-thumbnail","7":"category-editoriais"},"_links":{"self":[{"href":"https:\/\/aeroviarios.org.br\/index.php\/wp-json\/wp\/v2\/posts\/10750","targetHints":{"allow":["GET"]}}],"collection":[{"href":"https:\/\/aeroviarios.org.br\/index.php\/wp-json\/wp\/v2\/posts"}],"about":[{"href":"https:\/\/aeroviarios.org.br\/index.php\/wp-json\/wp\/v2\/types\/post"}],"author":[{"embeddable":true,"href":"https:\/\/aeroviarios.org.br\/index.php\/wp-json\/wp\/v2\/users\/1"}],"replies":[{"embeddable":true,"href":"https:\/\/aeroviarios.org.br\/index.php\/wp-json\/wp\/v2\/comments?post=10750"}],"version-history":[{"count":0,"href":"https:\/\/aeroviarios.org.br\/index.php\/wp-json\/wp\/v2\/posts\/10750\/revisions"}],"wp:featuredmedia":[{"embeddable":true,"href":"https:\/\/aeroviarios.org.br\/index.php\/wp-json\/"}],"wp:attachment":[{"href":"https:\/\/aeroviarios.org.br\/index.php\/wp-json\/wp\/v2\/media?parent=10750"}],"wp:term":[{"taxonomy":"category","embeddable":true,"href":"https:\/\/aeroviarios.org.br\/index.php\/wp-json\/wp\/v2\/categories?post=10750"},{"taxonomy":"post_tag","embeddable":true,"href":"https:\/\/aeroviarios.org.br\/index.php\/wp-json\/wp\/v2\/tags?post=10750"}],"curies":[{"name":"wp","href":"https:\/\/api.w.org\/{rel}","templated":true}]}}