{"id":10746,"date":"2020-04-28T19:43:42","date_gmt":"2020-04-28T19:43:42","guid":{"rendered":"http:\/\/aeroviarios.org.br\/?p=10746"},"modified":"2020-04-28T19:43:42","modified_gmt":"2020-04-28T19:43:42","slug":"editorial-28-de-abril-ganha-contornos-diferentes-durante-pandemia","status":"publish","type":"post","link":"https:\/\/aeroviarios.org.br\/index.php\/2020\/04\/28\/editorial-28-de-abril-ganha-contornos-diferentes-durante-pandemia\/","title":{"rendered":"EDITORIAL: 28 de Abril ganha contornos diferentes durante a pandemia"},"content":{"rendered":"<p>Este dia sempre foi muito importante no calend\u00e1rio dos aerovi\u00e1rios. O 28 de abril, Dia Internacional em Mem\u00f3ria \u00e0s V\u00edtimas de Acidentes e Doen\u00e7as do Trabalho, \u00e9 uma data que serve para lembrar, mas tamb\u00e9m para que pensemos no futuro.<\/p>\n<p>\u00c9 costume do Sindicato dos Aerovi\u00e1rios de Porto Alegre realizar uma retrospectiva ou falar de alguns casos de colegas que sofreram com as doen\u00e7as relacionadas ao trabalho, mas nesta data a entidade gostaria de fazer diferente. Nesse dia 28 de abril o Sindicato falar\u00e1 de futuro.<\/p>\n<p>A diretoria da casa que representa os aerovi\u00e1rios faz um alerta, \u201cn\u00e3o h\u00e1 meta batida ou qualquer servi\u00e7o prestado que tenha valor equivalente ao de nossa sa\u00fade\u201d. E em tempos de pandemia do novo coronav\u00edrus (COVID-19), a afirma\u00e7\u00e3o da entidade ganha contornos ainda mais dram\u00e1ticos.<\/p>\n<p>H\u00e1 um forte fator psicol\u00f3gico neste momento. Estamos bagun\u00e7ados. Muito pouco restou de nossa antiga rotina, e para o Sindicato, devemos abra\u00e7ar essa mudan\u00e7a. \u201cAt\u00e9 que nos adequemos a essa nova realidade, por\u00e9m, devemos ter em mente que estamos no meio de uma pandemia e est\u00e1 tudo bem se nossa concentra\u00e7\u00e3o e o nosso rendimento n\u00e3o forem os mesmos de outrora\u201d, afirmam os diretores da entidade.<\/p>\n<p>Al\u00e9m desses fatores psicol\u00f3gicos relacionados a adequa\u00e7\u00e3o aos novos tempos, \u00e9 poss\u00edvel tra\u00e7ar uma rela\u00e7\u00e3o entre o coronav\u00edrus e o ambiente de trabalho dos aerovi\u00e1rios. Um local onde circulam pessoas naturalmente j\u00e1 se configuraria como uma zona de risco para contamina\u00e7\u00e3o, mas no caso dos aeroportos, este risco \u00e9 elevado.<\/p>\n<p>Neste \u00e2mbito, o Sindicato est\u00e1 atuante. A entidade est\u00e1 com contato com os respons\u00e1veis pela Seguran\u00e7a do Trabalho de todas as empresas que atuam no Salgado Filho para cobrar a disponibilidade de Equipamentos de Prote\u00e7\u00e3o Individual (EPIs), garantido que os aerovi\u00e1rios tenham \u00e0 disposi\u00e7\u00e3o todos os meios para realizar o trabalho com m\u00e1ximo de seguran\u00e7a dispon\u00edvel.<\/p>\n<p>Por fim, neste 28 de abril, o Sindicato refor\u00e7a os seus votos de cuidados e pede que os aerovi\u00e1rios sigam todas as recomenda\u00e7\u00f5es dos \u00f3rg\u00e3os respons\u00e1veis. \u201cQueremos lembrar dessa \u00e9poca como um momento em que fomos prudentes e nos protegemos da melhor forma poss\u00edvel, como um per\u00edodo dif\u00edcil, mas que passou\u201d, afirmam os diretores da entidade.<\/p>\n","protected":false},"excerpt":{"rendered":"<p>Este dia sempre foi muito importante no calend\u00e1rio dos aerovi\u00e1rios. O 28 de abril, Dia Internacional em Mem\u00f3ria \u00e0s V\u00edtimas de Acidentes e Doen\u00e7as do Trabalho, \u00e9 uma data que serve para lembrar, mas tamb\u00e9m para que pensemos no futuro. \u00c9 costume do Sindicato dos Aerovi\u00e1rios de Porto Alegre realizar uma retrospectiva ou falar de<\/p>\n","protected":false},"author":1,"featured_media":10747,"comment_status":"open","ping_status":"open","sticky":false,"template":"","format":"standard","meta":{"footnotes":""},"categories":[39],"tags":[],"class_list":{"0":"post-10746","1":"post","2":"type-post","3":"status-publish","4":"format-standard","5":"has-post-thumbnail","7":"category-editoriais"},"_links":{"self":[{"href":"https:\/\/aeroviarios.org.br\/index.php\/wp-json\/wp\/v2\/posts\/10746","targetHints":{"allow":["GET"]}}],"collection":[{"href":"https:\/\/aeroviarios.org.br\/index.php\/wp-json\/wp\/v2\/posts"}],"about":[{"href":"https:\/\/aeroviarios.org.br\/index.php\/wp-json\/wp\/v2\/types\/post"}],"author":[{"embeddable":true,"href":"https:\/\/aeroviarios.org.br\/index.php\/wp-json\/wp\/v2\/users\/1"}],"replies":[{"embeddable":true,"href":"https:\/\/aeroviarios.org.br\/index.php\/wp-json\/wp\/v2\/comments?post=10746"}],"version-history":[{"count":0,"href":"https:\/\/aeroviarios.org.br\/index.php\/wp-json\/wp\/v2\/posts\/10746\/revisions"}],"wp:featuredmedia":[{"embeddable":true,"href":"https:\/\/aeroviarios.org.br\/index.php\/wp-json\/"}],"wp:attachment":[{"href":"https:\/\/aeroviarios.org.br\/index.php\/wp-json\/wp\/v2\/media?parent=10746"}],"wp:term":[{"taxonomy":"category","embeddable":true,"href":"https:\/\/aeroviarios.org.br\/index.php\/wp-json\/wp\/v2\/categories?post=10746"},{"taxonomy":"post_tag","embeddable":true,"href":"https:\/\/aeroviarios.org.br\/index.php\/wp-json\/wp\/v2\/tags?post=10746"}],"curies":[{"name":"wp","href":"https:\/\/api.w.org\/{rel}","templated":true}]}}