{"id":10739,"date":"2020-04-28T19:39:44","date_gmt":"2020-04-28T19:39:44","guid":{"rendered":"http:\/\/aeroviarios.org.br\/?p=10739"},"modified":"2020-04-28T19:39:44","modified_gmt":"2020-04-28T19:39:44","slug":"act-da-gol-e-aprovado-pela-categoria","status":"publish","type":"post","link":"https:\/\/aeroviarios.org.br\/index.php\/2020\/04\/28\/act-da-gol-e-aprovado-pela-categoria\/","title":{"rendered":"ACT da Gol \u00e9 aprovado pela categoria"},"content":{"rendered":"<p>Realizada nessa ter\u00e7a-feira (28), das 8h \u00e0s 14h, no Salgado Filho, a assembleia para aprecia\u00e7\u00e3o da proposta de Acordo Coletivo de Trabalho terminou com aprova\u00e7\u00e3o do texto pela categoria. Ao todo foram 184 votos, sendo 181 favor\u00e1veis e 3 contr\u00e1rios.<\/p>\n<p>Com a aprova\u00e7\u00e3o, a Gol junta-se a Latam, Gol Cargas, Aeroclube e Azul na lista de empresas que formalizaram ACTs com medidas referentes ao per\u00edodo de pandemia do novo coronav\u00edrus (COVID-19). O Pr\u00f3ximo passo \u00e9 o encaminhamento, por parte Sindicato dos Aerovi\u00e1rios de Porto Alegre, de toda documenta\u00e7\u00e3o envolvendo a assembleia para o Minist\u00e9rio do Trabalho.<\/p>\n<p>O Sindicato continua trabalhando pela categoria nesse momento dif\u00edcil que estamos atravessando, buscando manter seus servi\u00e7os e atendimentos dentro do poss\u00edvel. \u00a0Neste per\u00edodo sem atendimento na sede sindical, os aerovi\u00e1rios podem buscar atendimento por e-mail ou atrav\u00e9s de telefone celular. Para atendimentos via e-mail, o endere\u00e7o \u00e9 o\u00a0<a href=\"mailto:atendimento@aerovarios.org.br\">atendimento@aerovarios.org.br<\/a>. J\u00e1 os telefones s\u00e3o o\u00a0(51) 98162-9721\u00a0e\u00a0(51) 98114-0594. J\u00e1 as informa\u00e7\u00f5es para atendimentos jur\u00eddicos podem ser conferidas abaixo:<\/p>\n<p><strong>Escrit\u00f3rio CCM (Trabalhista e Previdenci\u00e1rio)<\/strong><\/p>\n<p>Telefone (51) 3211-4233<br \/>\nWhatsApp (51) 99797-0591<br \/>\ne-mail ccm@ccm.adv.br<\/p>\n<p><strong>Doutora Ju\u00e7ara Lopes Moraes (C\u00edvel)<\/strong><\/p>\n<p>Telefones\u00a0(51) 3224-3267 e\u00a0(51) 3224-3288<\/p>\n<p>Confira fotos da vota\u00e7\u00e3o:<\/p>\n<p><img fetchpriority=\"high\" decoding=\"async\" class=\"alignnone wp-image-10742 size-large\" src=\"https:\/\/aeroviarios.org.br\/novo\/wp-content\/uploads\/2020\/04\/WhatsApp-Image-2020-04-28-at-09.47.21-1024x576.jpeg\" alt=\"\" width=\"702\" height=\"395\" \/> <img decoding=\"async\" class=\"alignnone wp-image-10743 size-large\" src=\"https:\/\/aeroviarios.org.br\/novo\/wp-content\/uploads\/2020\/04\/WhatsApp-Image-2020-04-28-at-09.48.34-1024x576.jpeg\" alt=\"\" width=\"702\" height=\"395\" \/> <img decoding=\"async\" class=\"alignnone wp-image-10741 size-large\" src=\"https:\/\/aeroviarios.org.br\/novo\/wp-content\/uploads\/2020\/04\/WhatsApp-Image-2020-04-28-at-09.47.20-1024x576.jpeg\" alt=\"\" width=\"702\" height=\"395\" \/> <img loading=\"lazy\" decoding=\"async\" class=\"alignnone size-large wp-image-10740\" src=\"https:\/\/aeroviarios.org.br\/novo\/wp-content\/uploads\/2020\/04\/WhatsApp-Image-2020-04-28-at-09.47.20-1-1024x576.jpeg\" alt=\"\" width=\"702\" height=\"395\" \/><\/p>\n","protected":false},"excerpt":{"rendered":"<p>Realizada nessa ter\u00e7a-feira (28), das 8h \u00e0s 14h, no Salgado Filho, a assembleia para aprecia\u00e7\u00e3o da proposta de Acordo Coletivo de Trabalho terminou com aprova\u00e7\u00e3o do texto pela categoria. Ao todo foram 184 votos, sendo 181 favor\u00e1veis e 3 contr\u00e1rios. Com a aprova\u00e7\u00e3o, a Gol junta-se a Latam, Gol Cargas, Aeroclube e Azul na lista<\/p>\n","protected":false},"author":1,"featured_media":10744,"comment_status":"open","ping_status":"open","sticky":false,"template":"","format":"standard","meta":{"footnotes":""},"categories":[27,31],"tags":[],"class_list":{"0":"post-10739","1":"post","2":"type-post","3":"status-publish","4":"format-standard","5":"has-post-thumbnail","7":"category-geral","8":"category-noticias"},"_links":{"self":[{"href":"https:\/\/aeroviarios.org.br\/index.php\/wp-json\/wp\/v2\/posts\/10739","targetHints":{"allow":["GET"]}}],"collection":[{"href":"https:\/\/aeroviarios.org.br\/index.php\/wp-json\/wp\/v2\/posts"}],"about":[{"href":"https:\/\/aeroviarios.org.br\/index.php\/wp-json\/wp\/v2\/types\/post"}],"author":[{"embeddable":true,"href":"https:\/\/aeroviarios.org.br\/index.php\/wp-json\/wp\/v2\/users\/1"}],"replies":[{"embeddable":true,"href":"https:\/\/aeroviarios.org.br\/index.php\/wp-json\/wp\/v2\/comments?post=10739"}],"version-history":[{"count":0,"href":"https:\/\/aeroviarios.org.br\/index.php\/wp-json\/wp\/v2\/posts\/10739\/revisions"}],"wp:featuredmedia":[{"embeddable":true,"href":"https:\/\/aeroviarios.org.br\/index.php\/wp-json\/"}],"wp:attachment":[{"href":"https:\/\/aeroviarios.org.br\/index.php\/wp-json\/wp\/v2\/media?parent=10739"}],"wp:term":[{"taxonomy":"category","embeddable":true,"href":"https:\/\/aeroviarios.org.br\/index.php\/wp-json\/wp\/v2\/categories?post=10739"},{"taxonomy":"post_tag","embeddable":true,"href":"https:\/\/aeroviarios.org.br\/index.php\/wp-json\/wp\/v2\/tags?post=10739"}],"curies":[{"name":"wp","href":"https:\/\/api.w.org\/{rel}","templated":true}]}}