{"id":10732,"date":"2020-04-23T22:31:55","date_gmt":"2020-04-23T22:31:55","guid":{"rendered":"http:\/\/aeroviarios.org.br\/?p=10732"},"modified":"2020-04-23T22:31:55","modified_gmt":"2020-04-23T22:31:55","slug":"acts-da-azul-e-do-aeroclube-foram-aprovados-pela-categoria","status":"publish","type":"post","link":"https:\/\/aeroviarios.org.br\/index.php\/2020\/04\/23\/acts-da-azul-e-do-aeroclube-foram-aprovados-pela-categoria\/","title":{"rendered":"ACTs da Azul e do Aeroclube foram aprovados pela categoria"},"content":{"rendered":"<p>Nesta quinta-feira (23), os aerovi\u00e1rios da Azul aprovaram a proposta de Acordo Coletivo de Trabalho (ACT) oferecida pela empresa. Ao todo, 210 votantes participaram do processo de escrut\u00ednio, sendo 207 votos favor\u00e1veis e 3 contr\u00e1rios. Com a aprova\u00e7\u00e3o, o ACT da Azul junta-se ao montante de outros Acordos relativos ao COVID-19 j\u00e1 aprovados, como Latam, Gol Log e Aeroclube, este \u00faltimo tendo sido aprovado no \u00faltimo dia 16 por unanimidade.<\/p>\n<p>A entidade celebra a participa\u00e7\u00e3o da categoria no processo de vota\u00e7\u00e3o mesmo em um momento turbulento como este. \u201cAgradecemos os aerovi\u00e1rios pela parceria e afirmamos que estamos trabalhando da melhor forma que podemos neste momento\u201d, pontuam os diretores da entidade.<\/p>\n<p>O pr\u00f3ximo passo \u00e9 o encaminhamento da documenta\u00e7\u00e3o referente ao Acordo para o Minist\u00e9rio Trabalho (MT). Na pr\u00f3xima ter\u00e7a-feira (28), ser\u00e1 a vez dos aerovi\u00e1rios da Gol apreciarem a proposta da empresa com rela\u00e7\u00e3o a pandemia do COVID-19 em assembleia promovida pelo Sindicato.<\/p>\n<p>Abaixo, confira mais fotos da vota\u00e7\u00e3o do ACT da Azul:<\/p>\n<p><img fetchpriority=\"high\" decoding=\"async\" class=\"alignnone wp-image-10736 size-large\" src=\"https:\/\/aeroviarios.org.br\/novo\/wp-content\/uploads\/2020\/04\/WhatsApp-Image-2020-04-23-at-11.31.10-1024x768.jpeg\" alt=\"\" width=\"702\" height=\"527\" \/> <img decoding=\"async\" class=\"alignnone wp-image-10735 size-large\" src=\"https:\/\/aeroviarios.org.br\/novo\/wp-content\/uploads\/2020\/04\/WhatsApp-Image-2020-04-23-at-11.31.09-1024x768.jpeg\" alt=\"\" width=\"702\" height=\"527\" \/> <img decoding=\"async\" class=\"alignnone wp-image-10733 size-large\" src=\"https:\/\/aeroviarios.org.br\/novo\/wp-content\/uploads\/2020\/04\/WhatsApp-Image-2020-04-23-at-09.51.16-1024x576.jpeg\" alt=\"\" width=\"702\" height=\"395\" \/><\/p>\n<p>&nbsp;<\/p>\n","protected":false},"excerpt":{"rendered":"<p>Nesta quinta-feira (23), os aerovi\u00e1rios da Azul aprovaram a proposta de Acordo Coletivo de Trabalho (ACT) oferecida pela empresa. Ao todo, 210 votantes participaram do processo de escrut\u00ednio, sendo 207 votos favor\u00e1veis e 3 contr\u00e1rios. Com a aprova\u00e7\u00e3o, o ACT da Azul junta-se ao montante de outros Acordos relativos ao COVID-19 j\u00e1 aprovados, como Latam,<\/p>\n","protected":false},"author":1,"featured_media":10734,"comment_status":"open","ping_status":"open","sticky":false,"template":"","format":"standard","meta":{"footnotes":""},"categories":[27,31],"tags":[],"class_list":{"0":"post-10732","1":"post","2":"type-post","3":"status-publish","4":"format-standard","5":"has-post-thumbnail","7":"category-geral","8":"category-noticias"},"_links":{"self":[{"href":"https:\/\/aeroviarios.org.br\/index.php\/wp-json\/wp\/v2\/posts\/10732","targetHints":{"allow":["GET"]}}],"collection":[{"href":"https:\/\/aeroviarios.org.br\/index.php\/wp-json\/wp\/v2\/posts"}],"about":[{"href":"https:\/\/aeroviarios.org.br\/index.php\/wp-json\/wp\/v2\/types\/post"}],"author":[{"embeddable":true,"href":"https:\/\/aeroviarios.org.br\/index.php\/wp-json\/wp\/v2\/users\/1"}],"replies":[{"embeddable":true,"href":"https:\/\/aeroviarios.org.br\/index.php\/wp-json\/wp\/v2\/comments?post=10732"}],"version-history":[{"count":0,"href":"https:\/\/aeroviarios.org.br\/index.php\/wp-json\/wp\/v2\/posts\/10732\/revisions"}],"wp:featuredmedia":[{"embeddable":true,"href":"https:\/\/aeroviarios.org.br\/index.php\/wp-json\/"}],"wp:attachment":[{"href":"https:\/\/aeroviarios.org.br\/index.php\/wp-json\/wp\/v2\/media?parent=10732"}],"wp:term":[{"taxonomy":"category","embeddable":true,"href":"https:\/\/aeroviarios.org.br\/index.php\/wp-json\/wp\/v2\/categories?post=10732"},{"taxonomy":"post_tag","embeddable":true,"href":"https:\/\/aeroviarios.org.br\/index.php\/wp-json\/wp\/v2\/tags?post=10732"}],"curies":[{"name":"wp","href":"https:\/\/api.w.org\/{rel}","templated":true}]}}