{"id":10718,"date":"2020-04-20T19:32:27","date_gmt":"2020-04-20T19:32:27","guid":{"rendered":"http:\/\/aeroviarios.org.br\/?p=10718"},"modified":"2020-04-20T19:32:27","modified_gmt":"2020-04-20T19:32:27","slug":"azul-propoe-reducao-de-ate-70-em-horas-trabalhadas-e-salarios-assembleia-acontece-na-quinta-23","status":"publish","type":"post","link":"https:\/\/aeroviarios.org.br\/index.php\/2020\/04\/20\/azul-propoe-reducao-de-ate-70-em-horas-trabalhadas-e-salarios-assembleia-acontece-na-quinta-23\/","title":{"rendered":"Azul prop\u00f5e redu\u00e7\u00e3o de at\u00e9 70% em horas trabalhadas e sal\u00e1rios; Assembleia acontece na quinta (23)"},"content":{"rendered":"<p>Como proposto pelo Aeroclube, pela Gol Log e pela Latam, a Azul tamb\u00e9m apresentou sua vers\u00e3o de um Acordo Coletivo de Trabalho (ACT) para o per\u00edodo de pandemia do novo coronav\u00edrus (COVID-19).<\/p>\n<p>Com vig\u00eancia at\u00e9 o dia trinta de junho deste ano, mas com prorroga\u00e7\u00e3o prevista mediante nova assembleia, o ACT da Azul prev\u00ea, em sua principal mudan\u00e7a, uma redu\u00e7\u00e3o de jornada de trabalho, seja de horas ou dias trabalhados, entre 25%, 50% e 70%. Essa redu\u00e7\u00e3o, seja ela em qualquer uma de suas medidas, \u00e9 acompanhada de uma redu\u00e7\u00e3o salarial equivalente. Com a aprova\u00e7\u00e3o da Medida Provis\u00f3ria (MP) 936, os trabalhadores afetados por esse corte na remunera\u00e7\u00e3o receber\u00e3o do Governo Federal o Benef\u00edcio Emergencial de Preserva\u00e7\u00e3o do Emprego e Renda.<\/p>\n<p>O vale-refei\u00e7\u00e3o dos trabalhadores tamb\u00e9m sofrer\u00e1 altera\u00e7\u00f5es. Para quem trabalhar de 0h at\u00e9 4h por dia n\u00e3o haver\u00e1 o direito, para quem trabalhar entre 4h e 8h di\u00e1rias receber\u00e1 R$ 21,29 e jornadas de 8h ter\u00e3o vale-refei\u00e7\u00e3o no valor de R$ 29,03. J\u00e1 o vale-alimenta\u00e7\u00e3o ser\u00e1 pago para os trabalhadores com tetos iguais inferiores R$ 5.229,32 e para os que forem atingidos com a suspens\u00e3o do contrato de trabalho. Esses pagamentos se dar\u00e3o atrav\u00e9s de dep\u00f3sito banc\u00e1rio. Outra medida do ACT \u00e9 o adiamento do pagamento da Participa\u00e7\u00e3o nos Lucros e Resultados (PLR).<\/p>\n<p>Mediante a apresenta\u00e7\u00e3o dessa proposta, o Sindicato dos Aerovi\u00e1rios de Porto Alegre far\u00e1 uma assembleia para aprecia\u00e7\u00e3o deste ACT por parte dos trabalhadores. O encontro acontecer\u00e1 na quinta-feira (23), a partir das 7h, no Salgado Filho, nas depend\u00eancias da Azul.<\/p>\n<p><img fetchpriority=\"high\" decoding=\"async\" class=\"alignnone wp-image-10721 \" src=\"https:\/\/aeroviarios.org.br\/novo\/wp-content\/uploads\/2020\/04\/C%C3%B3pia-de-C%C3%B3pia-de-C%C3%B3pia-de-Adicionar-um-t%C3%ADtulo.png\" alt=\"\" width=\"500\" height=\"500\" \/><\/p>\n<p>Para o Sindicato dos Aerovi\u00e1rios de Porto Alegre, o momento que os trabalhadores da avia\u00e7\u00e3o atravessam \u00e9 terr\u00edvel. A entidade entende que faltam medidas por parte do governo para auxiliar esse setor que, ao lado do turismo, \u00e9 um dos mais afetados com a pandemia. \u201cO Governo Federal precisa olhar para nossa categoria com uma vis\u00e3o em particular, estamos sendo afetados de forma muito violenta e as Medidas Provis\u00f3rias impostas recentemente s\u00f3 pioram a nossa situa\u00e7\u00e3o\u201d, afirma o Sindicato.<\/p>\n<p><img decoding=\"async\" class=\"alignnone wp-image-10720 size-full\" src=\"https:\/\/aeroviarios.org.br\/novo\/wp-content\/uploads\/2020\/04\/edital-Azul.jpg\" alt=\"\" width=\"600\" height=\"467\" \/><\/p>\n","protected":false},"excerpt":{"rendered":"<p>Como proposto pelo Aeroclube, pela Gol Log e pela Latam, a Azul tamb\u00e9m apresentou sua vers\u00e3o de um Acordo Coletivo de Trabalho (ACT) para o per\u00edodo de pandemia do novo coronav\u00edrus (COVID-19). Com vig\u00eancia at\u00e9 o dia trinta de junho deste ano, mas com prorroga\u00e7\u00e3o prevista mediante nova assembleia, o ACT da Azul prev\u00ea, em<\/p>\n","protected":false},"author":1,"featured_media":10723,"comment_status":"open","ping_status":"open","sticky":false,"template":"","format":"standard","meta":{"footnotes":""},"categories":[27,31],"tags":[],"class_list":{"0":"post-10718","1":"post","2":"type-post","3":"status-publish","4":"format-standard","5":"has-post-thumbnail","7":"category-geral","8":"category-noticias"},"_links":{"self":[{"href":"https:\/\/aeroviarios.org.br\/index.php\/wp-json\/wp\/v2\/posts\/10718","targetHints":{"allow":["GET"]}}],"collection":[{"href":"https:\/\/aeroviarios.org.br\/index.php\/wp-json\/wp\/v2\/posts"}],"about":[{"href":"https:\/\/aeroviarios.org.br\/index.php\/wp-json\/wp\/v2\/types\/post"}],"author":[{"embeddable":true,"href":"https:\/\/aeroviarios.org.br\/index.php\/wp-json\/wp\/v2\/users\/1"}],"replies":[{"embeddable":true,"href":"https:\/\/aeroviarios.org.br\/index.php\/wp-json\/wp\/v2\/comments?post=10718"}],"version-history":[{"count":0,"href":"https:\/\/aeroviarios.org.br\/index.php\/wp-json\/wp\/v2\/posts\/10718\/revisions"}],"wp:featuredmedia":[{"embeddable":true,"href":"https:\/\/aeroviarios.org.br\/index.php\/wp-json\/"}],"wp:attachment":[{"href":"https:\/\/aeroviarios.org.br\/index.php\/wp-json\/wp\/v2\/media?parent=10718"}],"wp:term":[{"taxonomy":"category","embeddable":true,"href":"https:\/\/aeroviarios.org.br\/index.php\/wp-json\/wp\/v2\/categories?post=10718"},{"taxonomy":"post_tag","embeddable":true,"href":"https:\/\/aeroviarios.org.br\/index.php\/wp-json\/wp\/v2\/tags?post=10718"}],"curies":[{"name":"wp","href":"https:\/\/api.w.org\/{rel}","templated":true}]}}