{"id":10711,"date":"2020-04-17T14:28:07","date_gmt":"2020-04-17T14:28:07","guid":{"rendered":"http:\/\/aeroviarios.org.br\/?p=10711"},"modified":"2020-04-17T14:28:07","modified_gmt":"2020-04-17T14:28:07","slug":"informe-juridico-trabalhadores-da-tap-me-devem-entrar-em-contato-com-o-sindicato-2","status":"publish","type":"post","link":"https:\/\/aeroviarios.org.br\/index.php\/2020\/04\/17\/informe-juridico-trabalhadores-da-tap-me-devem-entrar-em-contato-com-o-sindicato-2\/","title":{"rendered":"Informe Jur\u00eddico: Trabalhadores da TAP ME devem entrar em contato com o Sindicato"},"content":{"rendered":"<p>Os aerovi\u00e1rios listados abaixo devem entrar urgentemente em contato com o Sindicato dos Aerovi\u00e1rios de Porto Alegre para tratar de a\u00e7\u00e3o judicial. Em decorr\u00eancia do fechamento da sede dada a epidemia do novo coronav\u00edrus (COVID-19), os aerovi\u00e1rios dever\u00e3o enviar dados banc\u00e1rios para dep\u00f3sito e c\u00f3pia do RG para o e-mail administrativo@aeroviarios.org.br.<\/p>\n<p>1. Vinicius Proen\u00e7a da Silveira<\/p>\n<p>2. Volmir Tasca<\/p>\n<p>3. Wagner Heinzmann Schmitz<\/p>\n<p>4. Willian Moch Henrique<\/p>\n<p>5. Wladimir Cabral de Castilhos<\/p>\n","protected":false},"excerpt":{"rendered":"<p>Os aerovi\u00e1rios listados abaixo devem entrar urgentemente em contato com o Sindicato dos Aerovi\u00e1rios de Porto Alegre para tratar de a\u00e7\u00e3o judicial. Em decorr\u00eancia do fechamento da sede dada a epidemia do novo coronav\u00edrus (COVID-19), os aerovi\u00e1rios dever\u00e3o enviar dados banc\u00e1rios para dep\u00f3sito e c\u00f3pia do RG para o e-mail administrativo@aeroviarios.org.br. 1. Vinicius Proen\u00e7a da<\/p>\n","protected":false},"author":1,"featured_media":10712,"comment_status":"open","ping_status":"open","sticky":false,"template":"","format":"standard","meta":{"footnotes":""},"categories":[29],"tags":[],"class_list":{"0":"post-10711","1":"post","2":"type-post","3":"status-publish","4":"format-standard","5":"has-post-thumbnail","7":"category-juridico"},"_links":{"self":[{"href":"https:\/\/aeroviarios.org.br\/index.php\/wp-json\/wp\/v2\/posts\/10711","targetHints":{"allow":["GET"]}}],"collection":[{"href":"https:\/\/aeroviarios.org.br\/index.php\/wp-json\/wp\/v2\/posts"}],"about":[{"href":"https:\/\/aeroviarios.org.br\/index.php\/wp-json\/wp\/v2\/types\/post"}],"author":[{"embeddable":true,"href":"https:\/\/aeroviarios.org.br\/index.php\/wp-json\/wp\/v2\/users\/1"}],"replies":[{"embeddable":true,"href":"https:\/\/aeroviarios.org.br\/index.php\/wp-json\/wp\/v2\/comments?post=10711"}],"version-history":[{"count":0,"href":"https:\/\/aeroviarios.org.br\/index.php\/wp-json\/wp\/v2\/posts\/10711\/revisions"}],"wp:featuredmedia":[{"embeddable":true,"href":"https:\/\/aeroviarios.org.br\/index.php\/wp-json\/"}],"wp:attachment":[{"href":"https:\/\/aeroviarios.org.br\/index.php\/wp-json\/wp\/v2\/media?parent=10711"}],"wp:term":[{"taxonomy":"category","embeddable":true,"href":"https:\/\/aeroviarios.org.br\/index.php\/wp-json\/wp\/v2\/categories?post=10711"},{"taxonomy":"post_tag","embeddable":true,"href":"https:\/\/aeroviarios.org.br\/index.php\/wp-json\/wp\/v2\/tags?post=10711"}],"curies":[{"name":"wp","href":"https:\/\/api.w.org\/{rel}","templated":true}]}}