{"id":10704,"date":"2020-04-14T15:12:30","date_gmt":"2020-04-14T15:12:30","guid":{"rendered":"http:\/\/aeroviarios.org.br\/?p=10704"},"modified":"2020-04-14T15:12:30","modified_gmt":"2020-04-14T15:12:30","slug":"aeroclube-propoe-act-para-aeroviarios-sindicato-fara-assembleia","status":"publish","type":"post","link":"https:\/\/aeroviarios.org.br\/index.php\/2020\/04\/14\/aeroclube-propoe-act-para-aeroviarios-sindicato-fara-assembleia\/","title":{"rendered":"Aeroclube prop\u00f5e ACT para aerovi\u00e1rios; Sindicato far\u00e1 assembleia"},"content":{"rendered":"<p>Assim como Latam e Gol Cargas j\u00e1 fizeram e outras a\u00e9reas tamb\u00e9m estudam realizar, o Aeroclube do Rio Grande do Sul est\u00e1 oferecendo um Acordo Coletivo de Trabalho (ACT) para seus trabalhadores. Essa s\u00e9rie de ACTs que est\u00e3o sendo propostos pelas empresas aerovi\u00e1rias decorrem da pandemia do novo coronav\u00edrus (COVID-19).<\/p>\n<p>Na proposta do Aeroclube, os trabalhadores receber\u00e3o 50% de seus sal\u00e1rios e ter\u00e3o redu\u00e7\u00e3o de 50% em suas jornadas de trabalho. J\u00e1 quanto aos direitos dos trabalhadores, vale-alimenta\u00e7\u00e3o e plano de sa\u00fade ser\u00e3o mantidos, enquanto vale-refei\u00e7\u00e3o ser\u00e1 cortado. O ACT tem validade de 90 dias.<\/p>\n<p>O Sindicato dos Aerovi\u00e1rios de Porto Alegre far\u00e1 uma assembleia, \u00e0s 14h do dia 16 de abril, na sede do Aeroclube (Av. Juca Batista, n\u00ba 8.101) para que os trabalhadores possam apreciar a proposta da empresa.<\/p>\n<p><img fetchpriority=\"high\" decoding=\"async\" class=\"alignnone  wp-image-10708\" src=\"https:\/\/aeroviarios.org.br\/novo\/wp-content\/uploads\/2020\/04\/aeroclube-site.jpg\" alt=\"\" width=\"601\" height=\"469\" \/><\/p>\n","protected":false},"excerpt":{"rendered":"<p>Assim como Latam e Gol Cargas j\u00e1 fizeram e outras a\u00e9reas tamb\u00e9m estudam realizar, o Aeroclube do Rio Grande do Sul est\u00e1 oferecendo um Acordo Coletivo de Trabalho (ACT) para seus trabalhadores. Essa s\u00e9rie de ACTs que est\u00e3o sendo propostos pelas empresas aerovi\u00e1rias decorrem da pandemia do novo coronav\u00edrus (COVID-19). Na proposta do Aeroclube, os<\/p>\n","protected":false},"author":1,"featured_media":10709,"comment_status":"open","ping_status":"open","sticky":false,"template":"","format":"standard","meta":{"footnotes":""},"categories":[27,31],"tags":[],"class_list":{"0":"post-10704","1":"post","2":"type-post","3":"status-publish","4":"format-standard","5":"has-post-thumbnail","7":"category-geral","8":"category-noticias"},"_links":{"self":[{"href":"https:\/\/aeroviarios.org.br\/index.php\/wp-json\/wp\/v2\/posts\/10704","targetHints":{"allow":["GET"]}}],"collection":[{"href":"https:\/\/aeroviarios.org.br\/index.php\/wp-json\/wp\/v2\/posts"}],"about":[{"href":"https:\/\/aeroviarios.org.br\/index.php\/wp-json\/wp\/v2\/types\/post"}],"author":[{"embeddable":true,"href":"https:\/\/aeroviarios.org.br\/index.php\/wp-json\/wp\/v2\/users\/1"}],"replies":[{"embeddable":true,"href":"https:\/\/aeroviarios.org.br\/index.php\/wp-json\/wp\/v2\/comments?post=10704"}],"version-history":[{"count":0,"href":"https:\/\/aeroviarios.org.br\/index.php\/wp-json\/wp\/v2\/posts\/10704\/revisions"}],"wp:featuredmedia":[{"embeddable":true,"href":"https:\/\/aeroviarios.org.br\/index.php\/wp-json\/"}],"wp:attachment":[{"href":"https:\/\/aeroviarios.org.br\/index.php\/wp-json\/wp\/v2\/media?parent=10704"}],"wp:term":[{"taxonomy":"category","embeddable":true,"href":"https:\/\/aeroviarios.org.br\/index.php\/wp-json\/wp\/v2\/categories?post=10704"},{"taxonomy":"post_tag","embeddable":true,"href":"https:\/\/aeroviarios.org.br\/index.php\/wp-json\/wp\/v2\/tags?post=10704"}],"curies":[{"name":"wp","href":"https:\/\/api.w.org\/{rel}","templated":true}]}}