{"id":10695,"date":"2020-04-08T16:21:44","date_gmt":"2020-04-08T16:21:44","guid":{"rendered":"http:\/\/aeroviarios.org.br\/?p=10695"},"modified":"2020-04-08T16:21:44","modified_gmt":"2020-04-08T16:21:44","slug":"atraves-de-mp-governo-autoriza-saque-do-fgts","status":"publish","type":"post","link":"https:\/\/aeroviarios.org.br\/index.php\/2020\/04\/08\/atraves-de-mp-governo-autoriza-saque-do-fgts\/","title":{"rendered":"Atrav\u00e9s de MP, Governo autoriza saque do FGTS"},"content":{"rendered":"<p>Algo que j\u00e1 estava sendo viabilizado pelo Sindicato dos Aerovi\u00e1rios de Porto Alegre junto ao escrit\u00f3rio Camargo Catita Maineri Advogados Associados, o saque do FGTS foi autorizado na noite passada pelo Governo Federal atrav\u00e9s de Medida Provis\u00f3ria (MP).<\/p>\n<p>Os valores de at\u00e9 R$ 1.045,00 poder\u00e3o ser sacados pelos trabalhadores com contas ativas ou inativas a partir do dia 15 de junho at\u00e9 o dia 31 de dezembro.<\/p>\n<p>Para o Sindicato a medida tem efeito positivo e tamb\u00e9m negativo. Ao mesmo tempo que libera para os trabalhadores valores que podem ser de grande aux\u00edlio durante a crise, o Governo Federal erra em disponibilizar esse valor somente no m\u00eas de junho. \u201cA nossa crise financeira \u00e9 agora, pra quem ela ainda n\u00e3o chegou, pode chegar nos pr\u00f3ximos dias, nas pr\u00f3ximas semanas. Liberar esses valores somente daqui a dois meses n\u00e3o \u00e9 o melhor para a classe trabalhadora\u201d, afirmam os diretores do Sindicato.<\/p>\n","protected":false},"excerpt":{"rendered":"<p>Algo que j\u00e1 estava sendo viabilizado pelo Sindicato dos Aerovi\u00e1rios de Porto Alegre junto ao escrit\u00f3rio Camargo Catita Maineri Advogados Associados, o saque do FGTS foi autorizado na noite passada pelo Governo Federal atrav\u00e9s de Medida Provis\u00f3ria (MP). Os valores de at\u00e9 R$ 1.045,00 poder\u00e3o ser sacados pelos trabalhadores com contas ativas ou inativas a<\/p>\n","protected":false},"author":1,"featured_media":10698,"comment_status":"open","ping_status":"open","sticky":false,"template":"","format":"standard","meta":{"footnotes":""},"categories":[27,31],"tags":[],"class_list":{"0":"post-10695","1":"post","2":"type-post","3":"status-publish","4":"format-standard","5":"has-post-thumbnail","7":"category-geral","8":"category-noticias"},"_links":{"self":[{"href":"https:\/\/aeroviarios.org.br\/index.php\/wp-json\/wp\/v2\/posts\/10695","targetHints":{"allow":["GET"]}}],"collection":[{"href":"https:\/\/aeroviarios.org.br\/index.php\/wp-json\/wp\/v2\/posts"}],"about":[{"href":"https:\/\/aeroviarios.org.br\/index.php\/wp-json\/wp\/v2\/types\/post"}],"author":[{"embeddable":true,"href":"https:\/\/aeroviarios.org.br\/index.php\/wp-json\/wp\/v2\/users\/1"}],"replies":[{"embeddable":true,"href":"https:\/\/aeroviarios.org.br\/index.php\/wp-json\/wp\/v2\/comments?post=10695"}],"version-history":[{"count":0,"href":"https:\/\/aeroviarios.org.br\/index.php\/wp-json\/wp\/v2\/posts\/10695\/revisions"}],"wp:featuredmedia":[{"embeddable":true,"href":"https:\/\/aeroviarios.org.br\/index.php\/wp-json\/"}],"wp:attachment":[{"href":"https:\/\/aeroviarios.org.br\/index.php\/wp-json\/wp\/v2\/media?parent=10695"}],"wp:term":[{"taxonomy":"category","embeddable":true,"href":"https:\/\/aeroviarios.org.br\/index.php\/wp-json\/wp\/v2\/categories?post=10695"},{"taxonomy":"post_tag","embeddable":true,"href":"https:\/\/aeroviarios.org.br\/index.php\/wp-json\/wp\/v2\/tags?post=10695"}],"curies":[{"name":"wp","href":"https:\/\/api.w.org\/{rel}","templated":true}]}}