{"id":10422,"date":"2019-11-11T20:17:20","date_gmt":"2019-11-11T20:17:20","guid":{"rendered":"http:\/\/aeroviarios.org.br\/?p=10422"},"modified":"2019-11-11T20:17:20","modified_gmt":"2019-11-11T20:17:20","slug":"ato-marca-reta-final-da-campanha-salarial-20192020","status":"publish","type":"post","link":"https:\/\/aeroviarios.org.br\/index.php\/2019\/11\/11\/ato-marca-reta-final-da-campanha-salarial-20192020\/","title":{"rendered":"Ato marca reta final da Campanha Salarial 2019\/2020"},"content":{"rendered":"<p><a href=\"https:\/\/aeroviarios.org.br\/novo\/wp-content\/uploads\/2019\/11\/IMG_4945.jpg\"><img decoding=\"async\" class=\"alignnone size-large wp-image-10426\" src=\"https:\/\/aeroviarios.org.br\/novo\/wp-content\/uploads\/2019\/11\/IMG_4945.jpg\" alt=\"\" width=\"1\" height=\"1\" \/><\/a> Na tarde da segunda-feira (11), um ato no embarque dom\u00e9stico do Salgado Filho marcou o afunilamento da Campanha Salarial 2019\/2020. Com a data-base do dia primeiro de dezembro no horizonte, o momento para os sindicatos dos trabalhadores \u00e9 de mobiliza\u00e7\u00e3o e de defesa de suas pautas.<\/p>\n<p>Uma nova rodada de negocia\u00e7\u00e3o tanto com o Sindicato Nacional das Empresas Aerovi\u00e1rias (Snea), tanto com a Latam, que negocia separadamente desde que deixou o sindicato patronal, ocorre nesta ter\u00e7a-feira (12), em S\u00e3o Paulo. Nestas reuni\u00f5es ser\u00e3o discutidas as propostas das empresas, pautas essas que do ponto de vista da diretoria do Sindicato dos Aerovi\u00e1rios de Porto Alegre n\u00e3o s\u00e3o boas para os trabalhadores.<\/p>\n<figure id=\"attachment_10432\" aria-describedby=\"caption-attachment-10432\" style=\"width: 602px\" class=\"wp-caption alignnone\"><a href=\"https:\/\/aeroviarios.org.br\/novo\/wp-content\/uploads\/2019\/11\/IMG_4872.jpg\"><img fetchpriority=\"high\" decoding=\"async\" class=\"wp-image-10432 \" src=\"https:\/\/aeroviarios.org.br\/novo\/wp-content\/uploads\/2019\/11\/IMG_4872-1024x674.jpg\" alt=\"\" width=\"602\" height=\"396\" \/><\/a><figcaption id=\"caption-attachment-10432\" class=\"wp-caption-text\">Diretores levaram faixas com as solicita\u00e7\u00f5es de estacionamento, pela folga agrupada mensal e pela n\u00e3o modifica\u00e7\u00e3o do banco de horas. (Johnny Oliveira\/Sindicato)<\/figcaption><\/figure>\n<p>O Snea, que representa Gol e Azul, prop\u00f5e reposi\u00e7\u00e3o da infla\u00e7\u00e3o mais a instala\u00e7\u00e3o de um banco de horas 12 meses e o particionamento das f\u00e9rias das categorias em 3 per\u00edodos de escolha da empresa. A Latam por sua vez prop\u00f5e que as cl\u00e1usulas econ\u00f4micas n\u00e3o sejam reajustadas e tamb\u00e9m quer a cria\u00e7\u00e3o do banco de horas.<\/p>\n<figure id=\"attachment_10433\" aria-describedby=\"caption-attachment-10433\" style=\"width: 600px\" class=\"wp-caption alignnone\"><a href=\"https:\/\/aeroviarios.org.br\/novo\/wp-content\/uploads\/2019\/11\/IMG_4969-1.jpg\"><img decoding=\"async\" class=\"wp-image-10433 \" src=\"https:\/\/aeroviarios.org.br\/novo\/wp-content\/uploads\/2019\/11\/IMG_4969-1-1024x683.jpg\" alt=\"\" width=\"600\" height=\"400\" \/><\/a><figcaption id=\"caption-attachment-10433\" class=\"wp-caption-text\">Diretor Marcos Fortes fala em frente ao check-in da Latam. (Johnny Oliveira\/Sindicato)<\/figcaption><\/figure>\n<p>Segundo os diretores da entidade que representa os trabalhadores de Porto Alegre, a rea\u00e7\u00e3o da categoria para ambas as propostas foi muito negativa, \u201cos aerovi\u00e1rios est\u00e3o encarando esta proposta como um retrocesso e acreditam que merecem mais\u201d, afirma a diretoria sindical.<\/p>\n<p>Ap\u00f3s as reuni\u00f5es da ter\u00e7a-feira (12), o Sindicato divulgar\u00e1 mais informa\u00e7\u00f5es sobre as negocia\u00e7\u00f5es.<\/p>\n<p>Mais fotos do ato podem ser conferidas <a href=\"https:\/\/www.facebook.com\/pg\/aeropoa\/photos\/?tab=album&amp;album_id=3027202653959884\" target=\"_blank\" rel=\"noopener\">clicando aqui.<\/a><\/p>\n<p>&nbsp;<\/p>\n<p>&nbsp;<\/p>\n","protected":false},"excerpt":{"rendered":"<p>Na tarde da segunda-feira (11), um ato no embarque dom\u00e9stico do Salgado Filho marcou o afunilamento da Campanha Salarial 2019\/2020. Com a data-base do dia primeiro de dezembro no horizonte, o momento para os sindicatos dos trabalhadores \u00e9 de mobiliza\u00e7\u00e3o e de defesa de suas pautas. Uma nova rodada de negocia\u00e7\u00e3o tanto com o Sindicato<\/p>\n","protected":false},"author":1,"featured_media":10423,"comment_status":"open","ping_status":"open","sticky":false,"template":"","format":"standard","meta":{"footnotes":""},"categories":[30],"tags":[],"class_list":{"0":"post-10422","1":"post","2":"type-post","3":"status-publish","4":"format-standard","5":"has-post-thumbnail","7":"category-campanha"},"_links":{"self":[{"href":"https:\/\/aeroviarios.org.br\/index.php\/wp-json\/wp\/v2\/posts\/10422","targetHints":{"allow":["GET"]}}],"collection":[{"href":"https:\/\/aeroviarios.org.br\/index.php\/wp-json\/wp\/v2\/posts"}],"about":[{"href":"https:\/\/aeroviarios.org.br\/index.php\/wp-json\/wp\/v2\/types\/post"}],"author":[{"embeddable":true,"href":"https:\/\/aeroviarios.org.br\/index.php\/wp-json\/wp\/v2\/users\/1"}],"replies":[{"embeddable":true,"href":"https:\/\/aeroviarios.org.br\/index.php\/wp-json\/wp\/v2\/comments?post=10422"}],"version-history":[{"count":0,"href":"https:\/\/aeroviarios.org.br\/index.php\/wp-json\/wp\/v2\/posts\/10422\/revisions"}],"wp:featuredmedia":[{"embeddable":true,"href":"https:\/\/aeroviarios.org.br\/index.php\/wp-json\/"}],"wp:attachment":[{"href":"https:\/\/aeroviarios.org.br\/index.php\/wp-json\/wp\/v2\/media?parent=10422"}],"wp:term":[{"taxonomy":"category","embeddable":true,"href":"https:\/\/aeroviarios.org.br\/index.php\/wp-json\/wp\/v2\/categories?post=10422"},{"taxonomy":"post_tag","embeddable":true,"href":"https:\/\/aeroviarios.org.br\/index.php\/wp-json\/wp\/v2\/tags?post=10422"}],"curies":[{"name":"wp","href":"https:\/\/api.w.org\/{rel}","templated":true}]}}